{"id":5195,"date":"2023-11-29T17:18:13","date_gmt":"2023-11-29T16:18:13","guid":{"rendered":"https:\/\/familienhoerbuch.de\/?p=5195"},"modified":"2026-04-28T16:08:54","modified_gmt":"2026-04-28T14:08:54","slug":"digitaler-artikel-mit-audio-ausschnitten","status":"publish","type":"post","link":"https:\/\/familienhoerbuch.de\/en\/digitaler-artikel-mit-audio-ausschnitten\/","title":{"rendered":"Digitaler Artikel mit Audio-Ausschnitten"},"content":{"rendered":"<p>Benjamin Fuchs von <a href=\"https:\/\/perspective-daily.de\/\">Perspective Daily<\/a>  ist ein Rundum-Bild \u00fcber das Familienh\u00f6rbuch gelungen, das verschiedenste Aspekte einschlie\u00dft. Er hat mit einer Projektteilnehmerin gesprochen, einer Witwe mit drei T\u00f6chtern, einer Audiobiografin und einer der Psychoonkologinnen, die uns schon viele Jahre begleitet. Erg\u00e4nzt wurde der Bericht unter anderem durch zwei Original-Ausschnitte aus zwei verschiedenen Familienh\u00f6rb\u00fcchern. <\/p>\n\n\n\n<p><a href=\"https:\/\/perspective-daily.de\/article\/2850-diese-familienhoerbuecher-halten-die-erinnerung-an-verstorbene-lebendig\/QbKihKYV\">Zum Beitrag mit H\u00f6r-Beispielen<\/a><\/p>\n\n\n\n<figure class=\"wp-block-image size-large\"><img fetchpriority=\"high\" decoding=\"async\" width=\"1024\" height=\"452\" src=\"https:\/\/familienhoerbuch.de\/wp-content\/uploads\/2023\/11\/Bildschirmfoto-2023-11-29-um-17.17.48-1024x452.png\" alt=\"\" class=\"wp-image-5196\" srcset=\"https:\/\/familienhoerbuch.de\/wp-content\/uploads\/2023\/11\/Bildschirmfoto-2023-11-29-um-17.17.48-1024x452.png 1024w, https:\/\/familienhoerbuch.de\/wp-content\/uploads\/2023\/11\/Bildschirmfoto-2023-11-29-um-17.17.48-300x132.png 300w, https:\/\/familienhoerbuch.de\/wp-content\/uploads\/2023\/11\/Bildschirmfoto-2023-11-29-um-17.17.48-768x339.png 768w, https:\/\/familienhoerbuch.de\/wp-content\/uploads\/2023\/11\/Bildschirmfoto-2023-11-29-um-17.17.48.png 1232w\" sizes=\"(max-width: 1024px) 100vw, 1024px\" \/><\/figure>","protected":false},"excerpt":{"rendered":"<p>Benjamin Fuchs von Perspective Daily ist ein Rundum-Bild \u00fcber das Familienh\u00f6rbuch gelungen, das verschiedenste Aspekte einschlie\u00dft. Er hat mit einer Projektteilnehmerin gesprochen, einer Witwe mit drei T\u00f6chtern, einer Audiobiografin und einer der Psychoonkologinnen, die uns schon viele Jahre begleitet. Erg\u00e4nzt wurde der Bericht unter anderem durch zwei Original-Ausschnitte aus zwei verschiedenen Familienh\u00f6rb\u00fcchern. Zum Beitrag mit [&hellip;]<\/p>","protected":false},"author":3,"featured_media":6711,"comment_status":"closed","ping_status":"open","sticky":false,"template":"","format":"standard","meta":{"_acf_changed":false,"footnotes":""},"categories":[13,113],"tags":[131,132,133,46,36,79],"class_list":["post-5195","post","type-post","status-publish","format-standard","has-post-thumbnail","hentry","category-archiv","category-print-digital","tag-audio","tag-hinterbliebene","tag-hoerbuchausschnitt","tag-mutter","tag-vater","tag-witwe"],"acf":[],"_links":{"self":[{"href":"https:\/\/familienhoerbuch.de\/en\/wp-json\/wp\/v2\/posts\/5195","targetHints":{"allow":["GET"]}}],"collection":[{"href":"https:\/\/familienhoerbuch.de\/en\/wp-json\/wp\/v2\/posts"}],"about":[{"href":"https:\/\/familienhoerbuch.de\/en\/wp-json\/wp\/v2\/types\/post"}],"author":[{"embeddable":true,"href":"https:\/\/familienhoerbuch.de\/en\/wp-json\/wp\/v2\/users\/3"}],"replies":[{"embeddable":true,"href":"https:\/\/familienhoerbuch.de\/en\/wp-json\/wp\/v2\/comments?post=5195"}],"version-history":[{"count":1,"href":"https:\/\/familienhoerbuch.de\/en\/wp-json\/wp\/v2\/posts\/5195\/revisions"}],"predecessor-version":[{"id":15206,"href":"https:\/\/familienhoerbuch.de\/en\/wp-json\/wp\/v2\/posts\/5195\/revisions\/15206"}],"wp:featuredmedia":[{"embeddable":true,"href":"https:\/\/familienhoerbuch.de\/en\/wp-json\/wp\/v2\/media\/6711"}],"wp:attachment":[{"href":"https:\/\/familienhoerbuch.de\/en\/wp-json\/wp\/v2\/media?parent=5195"}],"wp:term":[{"taxonomy":"category","embeddable":true,"href":"https:\/\/familienhoerbuch.de\/en\/wp-json\/wp\/v2\/categories?post=5195"},{"taxonomy":"post_tag","embeddable":true,"href":"https:\/\/familienhoerbuch.de\/en\/wp-json\/wp\/v2\/tags?post=5195"}],"curies":[{"name":"wp","href":"https:\/\/api.w.org\/{rel}","templated":true}]}}