{"id":5190,"date":"2023-11-29T17:01:09","date_gmt":"2023-11-29T16:01:09","guid":{"rendered":"https:\/\/familienhoerbuch.de\/?p=5190"},"modified":"2026-04-28T16:08:54","modified_gmt":"2026-04-28T14:08:54","slug":"zu-gast-bei-einem-podcast","status":"publish","type":"post","link":"https:\/\/familienhoerbuch.de\/en\/zu-gast-bei-einem-podcast\/","title":{"rendered":"Zu Gast bei einem Podcast"},"content":{"rendered":"<p>Das Nachrichtenportal <a href=\"https:\/\/goodnews-for-you.de\/\" data-type=\"link\" data-id=\"https:\/\/goodnews-for-you.de\/\">good news for you<\/a> hat das <strong>Familienh\u00f6rbuch<\/strong> k\u00fcrzlich zu den <strong>\u201egood news der Woche\u201c<\/strong> gek\u00fcrt. In diesem Rahmen gingen Carmen Dreyer (\u00d6ffentlichkeitsarbeit, Audiobiografin) und eine Mutter, die bereits selbst ein H\u00f6rbuch eingesprochen hat, mit <a href=\"https:\/\/goodnews-for-you.de\/wer-steckt-dahinter\/\">Isolde Hilt<\/a> ins Gespr\u00e4ch. <\/p>\n\n\n\n<p><a href=\"https:\/\/goodnews-for-you.de\/das-familienhoerbuch-so-bin-ich-dir-immer-nah\/\">Zur Podcastfolge <\/a><\/p>\n\n\n\n<figure class=\"wp-block-image size-large\"><img fetchpriority=\"high\" decoding=\"async\" width=\"1024\" height=\"651\" src=\"https:\/\/familienhoerbuch.de\/wp-content\/uploads\/2023\/11\/Bildschirmfoto-2023-11-29-um-16.51.21-1024x651.png\" alt=\"\" class=\"wp-image-5192\" srcset=\"https:\/\/familienhoerbuch.de\/wp-content\/uploads\/2023\/11\/Bildschirmfoto-2023-11-29-um-16.51.21-1024x651.png 1024w, https:\/\/familienhoerbuch.de\/wp-content\/uploads\/2023\/11\/Bildschirmfoto-2023-11-29-um-16.51.21-300x191.png 300w, https:\/\/familienhoerbuch.de\/wp-content\/uploads\/2023\/11\/Bildschirmfoto-2023-11-29-um-16.51.21-768x488.png 768w, https:\/\/familienhoerbuch.de\/wp-content\/uploads\/2023\/11\/Bildschirmfoto-2023-11-29-um-16.51.21-1536x977.png 1536w, https:\/\/familienhoerbuch.de\/wp-content\/uploads\/2023\/11\/Bildschirmfoto-2023-11-29-um-16.51.21-2048x1302.png 2048w\" sizes=\"(max-width: 1024px) 100vw, 1024px\" \/><\/figure>","protected":false},"excerpt":{"rendered":"<p>Das Nachrichtenportal good news for you hat das Familienh\u00f6rbuch k\u00fcrzlich zu den \u201egood news der Woche\u201c gek\u00fcrt. In diesem Rahmen gingen Carmen Dreyer (\u00d6ffentlichkeitsarbeit, Audiobiografin) und eine Mutter, die bereits selbst ein H\u00f6rbuch eingesprochen hat, mit Isolde Hilt ins Gespr\u00e4ch. Zur Podcastfolge<\/p>","protected":false},"author":3,"featured_media":5191,"comment_status":"closed","ping_status":"open","sticky":false,"template":"","format":"standard","meta":{"_acf_changed":false,"footnotes":""},"categories":[13,114],"tags":[144,34],"class_list":["post-5190","post","type-post","status-publish","format-standard","has-post-thumbnail","hentry","category-archiv","category-podcast","tag-goodnews","tag-podcast"],"acf":[],"_links":{"self":[{"href":"https:\/\/familienhoerbuch.de\/en\/wp-json\/wp\/v2\/posts\/5190","targetHints":{"allow":["GET"]}}],"collection":[{"href":"https:\/\/familienhoerbuch.de\/en\/wp-json\/wp\/v2\/posts"}],"about":[{"href":"https:\/\/familienhoerbuch.de\/en\/wp-json\/wp\/v2\/types\/post"}],"author":[{"embeddable":true,"href":"https:\/\/familienhoerbuch.de\/en\/wp-json\/wp\/v2\/users\/3"}],"replies":[{"embeddable":true,"href":"https:\/\/familienhoerbuch.de\/en\/wp-json\/wp\/v2\/comments?post=5190"}],"version-history":[{"count":1,"href":"https:\/\/familienhoerbuch.de\/en\/wp-json\/wp\/v2\/posts\/5190\/revisions"}],"predecessor-version":[{"id":15207,"href":"https:\/\/familienhoerbuch.de\/en\/wp-json\/wp\/v2\/posts\/5190\/revisions\/15207"}],"wp:featuredmedia":[{"embeddable":true,"href":"https:\/\/familienhoerbuch.de\/en\/wp-json\/wp\/v2\/media\/5191"}],"wp:attachment":[{"href":"https:\/\/familienhoerbuch.de\/en\/wp-json\/wp\/v2\/media?parent=5190"}],"wp:term":[{"taxonomy":"category","embeddable":true,"href":"https:\/\/familienhoerbuch.de\/en\/wp-json\/wp\/v2\/categories?post=5190"},{"taxonomy":"post_tag","embeddable":true,"href":"https:\/\/familienhoerbuch.de\/en\/wp-json\/wp\/v2\/tags?post=5190"}],"curies":[{"name":"wp","href":"https:\/\/api.w.org\/{rel}","templated":true}]}}