{"id":5184,"date":"2023-11-22T11:11:44","date_gmt":"2023-11-22T10:11:44","guid":{"rendered":"https:\/\/familienhoerbuch.de\/?p=5184"},"modified":"2026-04-28T16:08:54","modified_gmt":"2026-04-28T14:08:54","slug":"ein-vater-berichtet","status":"publish","type":"post","link":"https:\/\/familienhoerbuch.de\/en\/ein-vater-berichtet\/","title":{"rendered":"Ein Vater berichtet"},"content":{"rendered":"<p>Die <a href=\"https:\/\/www.nw.de\/\" target=\"_blank\" rel=\"noreferrer noopener\">Neue Westf\u00e4lische<\/a> hat ein Interview mit einem Vater ver\u00f6ffentlicht, der selbst ein Familienh\u00f6rbuch eingesprochen hat. Er w\u00fcnscht sich, dass seine Kinder somit etwas haben, woran sie sich festhalten k\u00f6nnen, gerade dann, wenn er selbst nicht mehr f\u00fcr sie da sein kann.<\/p>\n\n\n\n<p><a href=\"https:\/\/epaper.nw.de\/data\/67341\/reader\/reader.html?social#!preferred\/0\/package\/67341\/pub\/138589\/page\/21\/content\/11254898\" target=\"_blank\" rel=\"noreferrer noopener\">Zum Artikel<\/a><\/p>","protected":false},"excerpt":{"rendered":"<p>Die Neue Westf\u00e4lische hat ein Interview mit einem Vater ver\u00f6ffentlicht, der selbst ein Familienh\u00f6rbuch eingesprochen hat. Er w\u00fcnscht sich, dass seine Kinder somit etwas haben, woran sie sich festhalten k\u00f6nnen, gerade dann, wenn er selbst nicht mehr f\u00fcr sie da sein kann. Zum Artikel<\/p>","protected":false},"author":3,"featured_media":5185,"comment_status":"closed","ping_status":"open","sticky":false,"template":"","format":"standard","meta":{"_acf_changed":false,"footnotes":""},"categories":[13,113],"tags":[],"class_list":["post-5184","post","type-post","status-publish","format-standard","has-post-thumbnail","hentry","category-archiv","category-print-digital"],"acf":[],"_links":{"self":[{"href":"https:\/\/familienhoerbuch.de\/en\/wp-json\/wp\/v2\/posts\/5184","targetHints":{"allow":["GET"]}}],"collection":[{"href":"https:\/\/familienhoerbuch.de\/en\/wp-json\/wp\/v2\/posts"}],"about":[{"href":"https:\/\/familienhoerbuch.de\/en\/wp-json\/wp\/v2\/types\/post"}],"author":[{"embeddable":true,"href":"https:\/\/familienhoerbuch.de\/en\/wp-json\/wp\/v2\/users\/3"}],"replies":[{"embeddable":true,"href":"https:\/\/familienhoerbuch.de\/en\/wp-json\/wp\/v2\/comments?post=5184"}],"version-history":[{"count":1,"href":"https:\/\/familienhoerbuch.de\/en\/wp-json\/wp\/v2\/posts\/5184\/revisions"}],"predecessor-version":[{"id":15208,"href":"https:\/\/familienhoerbuch.de\/en\/wp-json\/wp\/v2\/posts\/5184\/revisions\/15208"}],"wp:featuredmedia":[{"embeddable":true,"href":"https:\/\/familienhoerbuch.de\/en\/wp-json\/wp\/v2\/media\/5185"}],"wp:attachment":[{"href":"https:\/\/familienhoerbuch.de\/en\/wp-json\/wp\/v2\/media?parent=5184"}],"wp:term":[{"taxonomy":"category","embeddable":true,"href":"https:\/\/familienhoerbuch.de\/en\/wp-json\/wp\/v2\/categories?post=5184"},{"taxonomy":"post_tag","embeddable":true,"href":"https:\/\/familienhoerbuch.de\/en\/wp-json\/wp\/v2\/tags?post=5184"}],"curies":[{"name":"wp","href":"https:\/\/api.w.org\/{rel}","templated":true}]}}