{"id":5133,"date":"2023-11-15T11:17:41","date_gmt":"2023-11-15T10:17:41","guid":{"rendered":"https:\/\/familienhoerbuch.de\/?p=5133"},"modified":"2026-04-28T16:08:54","modified_gmt":"2026-04-28T14:08:54","slug":"mit-einem-adventskalender-helfen","status":"publish","type":"post","link":"https:\/\/familienhoerbuch.de\/en\/mit-einem-adventskalender-helfen\/","title":{"rendered":"Mit einem Adventskalender helfen"},"content":{"rendered":"<p><a href=\"https:\/\/wolffkids.de\/kindermagnet-sets\/adventskalender\/\" target=\"_blank\" rel=\"noreferrer noopener\">Wolffkids<\/a>\u00a0m\u00f6chte in diesem Jahr die Familienh\u00f6rbuch gGmbH unterst\u00fctzen. Die\u00a0Erfinderin und Gr\u00fcnderin des Unternehmens (Melanie Wolff) hat es sich zum Ziel gemacht, famili\u00e4re\u00a0Tages- und Wochenabl\u00e4ufe sichtbar zu machen und Kinder aktiv mit einzubeziehen. Sie wei\u00df: \u201eGerade wenn ein Elternteil nicht mehr wie gewohnt da ist, sei es durch Trennung, Krankheit oder Tod, brauchen die Kinder noch mehr Halt, Sicherheit und Orientierung.\u201c\u00a0Allj\u00e4hrlich steht bei Wolffkids\u00a0ein\u00a0<a href=\"https:\/\/wolffkids.de\/kindermagnet-sets\/adventskalender\/\" target=\"_blank\" rel=\"noreferrer noopener\">besonderer Adventskalender<\/a>\u00a0zum Verkauf. Jedes verkaufte Exemplar sorgt f\u00fcr die \u00dcbergabe von 1 Euro an einen guten Zweck. 2023 darf das Familienh\u00f6rbuch Empf\u00e4nger der bis zu 1.000 Euro sein.<\/p>\n\n\n\n<figure class=\"wp-block-image size-large\"><img fetchpriority=\"high\" decoding=\"async\" width=\"1024\" height=\"683\" src=\"https:\/\/familienhoerbuch.de\/wp-content\/uploads\/2023\/11\/adventskalender-1024x683.jpg\" alt=\"\" class=\"wp-image-5135\" srcset=\"https:\/\/familienhoerbuch.de\/wp-content\/uploads\/2023\/11\/adventskalender-1024x683.jpg 1024w, https:\/\/familienhoerbuch.de\/wp-content\/uploads\/2023\/11\/adventskalender-300x200.jpg 300w, https:\/\/familienhoerbuch.de\/wp-content\/uploads\/2023\/11\/adventskalender-768x512.jpg 768w, https:\/\/familienhoerbuch.de\/wp-content\/uploads\/2023\/11\/adventskalender.jpg 1200w\" sizes=\"(max-width: 1024px) 100vw, 1024px\" \/><\/figure>","protected":false},"excerpt":{"rendered":"<p>Wolffkids\u00a0m\u00f6chte in diesem Jahr die Familienh\u00f6rbuch gGmbH unterst\u00fctzen. Die\u00a0Erfinderin und Gr\u00fcnderin des Unternehmens (Melanie Wolff) hat es sich zum Ziel gemacht, famili\u00e4re\u00a0Tages- und Wochenabl\u00e4ufe sichtbar zu machen und Kinder aktiv mit einzubeziehen. Sie wei\u00df: \u201eGerade wenn ein Elternteil nicht mehr wie gewohnt da ist, sei es durch Trennung, Krankheit oder Tod, brauchen die Kinder noch [&hellip;]<\/p>","protected":false},"author":3,"featured_media":5134,"comment_status":"closed","ping_status":"open","sticky":false,"template":"","format":"standard","meta":{"_acf_changed":false,"footnotes":""},"categories":[13,115],"tags":[],"class_list":["post-5133","post","type-post","status-publish","format-standard","has-post-thumbnail","hentry","category-archiv","category-spenden"],"acf":[],"_links":{"self":[{"href":"https:\/\/familienhoerbuch.de\/en\/wp-json\/wp\/v2\/posts\/5133","targetHints":{"allow":["GET"]}}],"collection":[{"href":"https:\/\/familienhoerbuch.de\/en\/wp-json\/wp\/v2\/posts"}],"about":[{"href":"https:\/\/familienhoerbuch.de\/en\/wp-json\/wp\/v2\/types\/post"}],"author":[{"embeddable":true,"href":"https:\/\/familienhoerbuch.de\/en\/wp-json\/wp\/v2\/users\/3"}],"replies":[{"embeddable":true,"href":"https:\/\/familienhoerbuch.de\/en\/wp-json\/wp\/v2\/comments?post=5133"}],"version-history":[{"count":1,"href":"https:\/\/familienhoerbuch.de\/en\/wp-json\/wp\/v2\/posts\/5133\/revisions"}],"predecessor-version":[{"id":15209,"href":"https:\/\/familienhoerbuch.de\/en\/wp-json\/wp\/v2\/posts\/5133\/revisions\/15209"}],"wp:featuredmedia":[{"embeddable":true,"href":"https:\/\/familienhoerbuch.de\/en\/wp-json\/wp\/v2\/media\/5134"}],"wp:attachment":[{"href":"https:\/\/familienhoerbuch.de\/en\/wp-json\/wp\/v2\/media?parent=5133"}],"wp:term":[{"taxonomy":"category","embeddable":true,"href":"https:\/\/familienhoerbuch.de\/en\/wp-json\/wp\/v2\/categories?post=5133"},{"taxonomy":"post_tag","embeddable":true,"href":"https:\/\/familienhoerbuch.de\/en\/wp-json\/wp\/v2\/tags?post=5133"}],"curies":[{"name":"wp","href":"https:\/\/api.w.org\/{rel}","templated":true}]}}