{"id":5130,"date":"2023-11-15T11:15:04","date_gmt":"2023-11-15T10:15:04","guid":{"rendered":"https:\/\/familienhoerbuch.de\/?p=5130"},"modified":"2026-04-28T16:08:54","modified_gmt":"2026-04-28T14:08:54","slug":"das-letzte-kapitel","status":"publish","type":"post","link":"https:\/\/familienhoerbuch.de\/en\/das-letzte-kapitel\/","title":{"rendered":"Das letzte Kapitel"},"content":{"rendered":"<p>Judith Gr\u00fcmmer war zu Gast beim Podcast <a href=\"https:\/\/www.youtube.com\/watch?v=lCSJHw3k84E\" target=\"_blank\" rel=\"noreferrer noopener\">DAS LETZTE KAPITEL<\/a><\/p>\n\n\n\n<p>Die Sterbebegleiterin Kerstin Sturm interviewt regelm\u00e4\u00dfig Experten zu Themen wie Trauern, Sterbeprozesse, Familiensysteme, Leben und Abschied. Sie m\u00f6chte damit einen Beitrag dazu leisten, dass Sterben gesellschaftsf\u00e4hig wird.<\/p>\n\n\n\n<p><a href=\"https:\/\/www.podcast.de\/podcast\/831518\/das-letzte-kapitel\" target=\"_blank\" rel=\"noreferrer noopener\">Alle Folgen h\u00f6ren<\/a><\/p>","protected":false},"excerpt":{"rendered":"<p>Judith Gr\u00fcmmer war zu Gast beim Podcast DAS LETZTE KAPITEL Die Sterbebegleiterin Kerstin Sturm interviewt regelm\u00e4\u00dfig Experten zu Themen wie Trauern, Sterbeprozesse, Familiensysteme, Leben und Abschied. Sie m\u00f6chte damit einen Beitrag dazu leisten, dass Sterben gesellschaftsf\u00e4hig wird. Alle Folgen h\u00f6ren<\/p>","protected":false},"author":3,"featured_media":5131,"comment_status":"closed","ping_status":"open","sticky":false,"template":"","format":"standard","meta":{"_acf_changed":false,"footnotes":""},"categories":[13,114],"tags":[],"class_list":["post-5130","post","type-post","status-publish","format-standard","has-post-thumbnail","hentry","category-archiv","category-podcast"],"acf":[],"_links":{"self":[{"href":"https:\/\/familienhoerbuch.de\/en\/wp-json\/wp\/v2\/posts\/5130","targetHints":{"allow":["GET"]}}],"collection":[{"href":"https:\/\/familienhoerbuch.de\/en\/wp-json\/wp\/v2\/posts"}],"about":[{"href":"https:\/\/familienhoerbuch.de\/en\/wp-json\/wp\/v2\/types\/post"}],"author":[{"embeddable":true,"href":"https:\/\/familienhoerbuch.de\/en\/wp-json\/wp\/v2\/users\/3"}],"replies":[{"embeddable":true,"href":"https:\/\/familienhoerbuch.de\/en\/wp-json\/wp\/v2\/comments?post=5130"}],"version-history":[{"count":1,"href":"https:\/\/familienhoerbuch.de\/en\/wp-json\/wp\/v2\/posts\/5130\/revisions"}],"predecessor-version":[{"id":15210,"href":"https:\/\/familienhoerbuch.de\/en\/wp-json\/wp\/v2\/posts\/5130\/revisions\/15210"}],"wp:featuredmedia":[{"embeddable":true,"href":"https:\/\/familienhoerbuch.de\/en\/wp-json\/wp\/v2\/media\/5131"}],"wp:attachment":[{"href":"https:\/\/familienhoerbuch.de\/en\/wp-json\/wp\/v2\/media?parent=5130"}],"wp:term":[{"taxonomy":"category","embeddable":true,"href":"https:\/\/familienhoerbuch.de\/en\/wp-json\/wp\/v2\/categories?post=5130"},{"taxonomy":"post_tag","embeddable":true,"href":"https:\/\/familienhoerbuch.de\/en\/wp-json\/wp\/v2\/tags?post=5130"}],"curies":[{"name":"wp","href":"https:\/\/api.w.org\/{rel}","templated":true}]}}