{"id":5084,"date":"2023-11-01T11:30:42","date_gmt":"2023-11-01T10:30:42","guid":{"rendered":"https:\/\/familienhoerbuch.de\/?p=5084"},"modified":"2026-04-28T16:08:54","modified_gmt":"2026-04-28T14:08:54","slug":"familienhoerbuchaufnahmen-in-rodder","status":"publish","type":"post","link":"https:\/\/familienhoerbuch.de\/en\/familienhoerbuchaufnahmen-in-rodder\/","title":{"rendered":"Familienh\u00f6rbuchaufnahmen in Rodder"},"content":{"rendered":"<p>K\u00fcrzlich brachte der SWR einen Bericht \u00fcber die Talstra\u00dfe in Rodder. Dort lebt auch unsere Gr\u00fcnderin und Gesch\u00e4ftsf\u00fchrerin Judith. Sie hat dort mehrere Familienh\u00f6rb\u00fccher aufgenommen und die Projektteilnehmenden konnten sich dort \u00f6ffnen und haben die Zeit in der Eifel genossen. (Beitrag ab Minute 1:43)<\/p>\n\n\n\n<p><a href=\"https:\/\/www.swrfernsehen.de\/landesschau-rp\/hierzuland\/rodder-talstrasse-102.html\" target=\"_blank\" rel=\"noreferrer noopener\">Zum Beitrag<\/a>&nbsp;<\/p>","protected":false},"excerpt":{"rendered":"<p>K\u00fcrzlich brachte der SWR einen Bericht \u00fcber die Talstra\u00dfe in Rodder. Dort lebt auch unsere Gr\u00fcnderin und Gesch\u00e4ftsf\u00fchrerin Judith. Sie hat dort mehrere Familienh\u00f6rb\u00fccher aufgenommen und die Projektteilnehmenden konnten sich dort \u00f6ffnen und haben die Zeit in der Eifel genossen. (Beitrag ab Minute 1:43) Zum Beitrag&nbsp;<\/p>","protected":false},"author":3,"featured_media":5085,"comment_status":"closed","ping_status":"open","sticky":false,"template":"","format":"standard","meta":{"_acf_changed":false,"footnotes":""},"categories":[13,112],"tags":[],"class_list":["post-5084","post","type-post","status-publish","format-standard","has-post-thumbnail","hentry","category-archiv","category-tv-archiv"],"acf":[],"_links":{"self":[{"href":"https:\/\/familienhoerbuch.de\/en\/wp-json\/wp\/v2\/posts\/5084","targetHints":{"allow":["GET"]}}],"collection":[{"href":"https:\/\/familienhoerbuch.de\/en\/wp-json\/wp\/v2\/posts"}],"about":[{"href":"https:\/\/familienhoerbuch.de\/en\/wp-json\/wp\/v2\/types\/post"}],"author":[{"embeddable":true,"href":"https:\/\/familienhoerbuch.de\/en\/wp-json\/wp\/v2\/users\/3"}],"replies":[{"embeddable":true,"href":"https:\/\/familienhoerbuch.de\/en\/wp-json\/wp\/v2\/comments?post=5084"}],"version-history":[{"count":1,"href":"https:\/\/familienhoerbuch.de\/en\/wp-json\/wp\/v2\/posts\/5084\/revisions"}],"predecessor-version":[{"id":15212,"href":"https:\/\/familienhoerbuch.de\/en\/wp-json\/wp\/v2\/posts\/5084\/revisions\/15212"}],"wp:featuredmedia":[{"embeddable":true,"href":"https:\/\/familienhoerbuch.de\/en\/wp-json\/wp\/v2\/media\/5085"}],"wp:attachment":[{"href":"https:\/\/familienhoerbuch.de\/en\/wp-json\/wp\/v2\/media?parent=5084"}],"wp:term":[{"taxonomy":"category","embeddable":true,"href":"https:\/\/familienhoerbuch.de\/en\/wp-json\/wp\/v2\/categories?post=5084"},{"taxonomy":"post_tag","embeddable":true,"href":"https:\/\/familienhoerbuch.de\/en\/wp-json\/wp\/v2\/tags?post=5084"}],"curies":[{"name":"wp","href":"https:\/\/api.w.org\/{rel}","templated":true}]}}