{"id":5031,"date":"2023-10-18T10:47:58","date_gmt":"2023-10-18T09:47:58","guid":{"rendered":"https:\/\/familienhoerbuch.de\/?p=5031"},"modified":"2026-04-28T16:08:54","modified_gmt":"2026-04-28T14:08:54","slug":"domradio-de-berichtet","status":"publish","type":"post","link":"https:\/\/familienhoerbuch.de\/en\/domradio-de-berichtet\/","title":{"rendered":"DOMRADIO.DE berichtet"},"content":{"rendered":"<p>Ein neuer Artikel \u00fcber das Familienh\u00f6rbuch ist digital erschienen. Die Autorin Clara Engelien hat mit einer Projektteilnehmerin und der zugeh\u00f6rigen Audiobiografin gesprochen und gew\u00e4hrt mit ihrem Text einen intimen Einblick in die Aufnahmetage.<\/p>\n\n\n\n<p><a href=\"https:\/\/www.domradio.de\/artikel\/projekt-ermoeglicht-memoiren-fuer-sterbende-eltern\" target=\"_blank\" rel=\"noreferrer noopener\">Weiterlesen<\/a><\/p>\n\n\n\n<figure class=\"wp-block-image size-large\"><img fetchpriority=\"high\" decoding=\"async\" width=\"683\" height=\"1024\" src=\"https:\/\/familienhoerbuch.de\/wp-content\/uploads\/2023\/10\/domradio-2-683x1024.jpg\" alt=\"\" class=\"wp-image-5033\" srcset=\"https:\/\/familienhoerbuch.de\/wp-content\/uploads\/2023\/10\/domradio-2-683x1024.jpg 683w, https:\/\/familienhoerbuch.de\/wp-content\/uploads\/2023\/10\/domradio-2-200x300.jpg 200w, https:\/\/familienhoerbuch.de\/wp-content\/uploads\/2023\/10\/domradio-2-768x1152.jpg 768w, https:\/\/familienhoerbuch.de\/wp-content\/uploads\/2023\/10\/domradio-2-1024x1536.jpg 1024w, https:\/\/familienhoerbuch.de\/wp-content\/uploads\/2023\/10\/domradio-2.jpg 1200w\" sizes=\"(max-width: 683px) 100vw, 683px\" \/><\/figure>","protected":false},"excerpt":{"rendered":"<p>Ein neuer Artikel \u00fcber das Familienh\u00f6rbuch ist digital erschienen. Die Autorin Clara Engelien hat mit einer Projektteilnehmerin und der zugeh\u00f6rigen Audiobiografin gesprochen und gew\u00e4hrt mit ihrem Text einen intimen Einblick in die Aufnahmetage. Weiterlesen<\/p>","protected":false},"author":3,"featured_media":5032,"comment_status":"closed","ping_status":"open","sticky":false,"template":"","format":"standard","meta":{"_acf_changed":false,"footnotes":""},"categories":[13,110],"tags":[],"class_list":["post-5031","post","type-post","status-publish","format-standard","has-post-thumbnail","hentry","category-archiv","category-radio"],"acf":[],"_links":{"self":[{"href":"https:\/\/familienhoerbuch.de\/en\/wp-json\/wp\/v2\/posts\/5031","targetHints":{"allow":["GET"]}}],"collection":[{"href":"https:\/\/familienhoerbuch.de\/en\/wp-json\/wp\/v2\/posts"}],"about":[{"href":"https:\/\/familienhoerbuch.de\/en\/wp-json\/wp\/v2\/types\/post"}],"author":[{"embeddable":true,"href":"https:\/\/familienhoerbuch.de\/en\/wp-json\/wp\/v2\/users\/3"}],"replies":[{"embeddable":true,"href":"https:\/\/familienhoerbuch.de\/en\/wp-json\/wp\/v2\/comments?post=5031"}],"version-history":[{"count":1,"href":"https:\/\/familienhoerbuch.de\/en\/wp-json\/wp\/v2\/posts\/5031\/revisions"}],"predecessor-version":[{"id":15215,"href":"https:\/\/familienhoerbuch.de\/en\/wp-json\/wp\/v2\/posts\/5031\/revisions\/15215"}],"wp:featuredmedia":[{"embeddable":true,"href":"https:\/\/familienhoerbuch.de\/en\/wp-json\/wp\/v2\/media\/5032"}],"wp:attachment":[{"href":"https:\/\/familienhoerbuch.de\/en\/wp-json\/wp\/v2\/media?parent=5031"}],"wp:term":[{"taxonomy":"category","embeddable":true,"href":"https:\/\/familienhoerbuch.de\/en\/wp-json\/wp\/v2\/categories?post=5031"},{"taxonomy":"post_tag","embeddable":true,"href":"https:\/\/familienhoerbuch.de\/en\/wp-json\/wp\/v2\/tags?post=5031"}],"curies":[{"name":"wp","href":"https:\/\/api.w.org\/{rel}","templated":true}]}}