{"id":5027,"date":"2023-10-18T10:45:40","date_gmt":"2023-10-18T09:45:40","guid":{"rendered":"https:\/\/familienhoerbuch.de\/?p=5027"},"modified":"2026-04-28T16:08:54","modified_gmt":"2026-04-28T14:08:54","slug":"berlin-yescon-4-0","status":"publish","type":"post","link":"https:\/\/familienhoerbuch.de\/en\/berlin-yescon-4-0\/","title":{"rendered":"Berlin: YES!CON 4.0"},"content":{"rendered":"<p>Am 14. Oktober fand wieder Deutschlands gr\u00f6\u00dfte\u00a0<a href=\"https:\/\/yeswecan-cer.org\/\" target=\"_blank\" rel=\"noreferrer noopener\">Krebs-Convention<\/a>\u00a0statt. Diesmal traf man sich in Berlin. In verschiedenen Panels ging es mit Experten, \u00c4rzten und Betroffenen in Vortr\u00e4gen, Workshops und Publikumsaktionen, um Austausch und Innovation. Judith Gr\u00fcmmer war f\u00fcr das Familienh\u00f6rbuch mit vor Ort und traf Kooperationspartner, Experten und Projektteilnehmende.<\/p>\n\n\n\n<p>Bildbeschreibung: Frank Hoffmann und Kendra Zwiefka (2.v.r) von\u00a0<a href=\"https:\/\/www.discovering-hands.de\/\" target=\"_blank\" rel=\"noreferrer noopener\">Discovering Hands<\/a>\u00a0freuten sich \u00fcber den spontanen Austausch mit Judith Gr\u00fcmmer. Nadja Seipel (rechts), Krebsbloggerin und Botschafterin unseres Projekts, war mit von der Partie.<\/p>\n\n\n\n<figure class=\"wp-block-image size-large\"><img fetchpriority=\"high\" decoding=\"async\" width=\"1024\" height=\"683\" src=\"https:\/\/familienhoerbuch.de\/wp-content\/uploads\/2023\/10\/yescon-1-1024x683.jpg\" alt=\"\" class=\"wp-image-5029\" srcset=\"https:\/\/familienhoerbuch.de\/wp-content\/uploads\/2023\/10\/yescon-1-1024x683.jpg 1024w, https:\/\/familienhoerbuch.de\/wp-content\/uploads\/2023\/10\/yescon-1-300x200.jpg 300w, https:\/\/familienhoerbuch.de\/wp-content\/uploads\/2023\/10\/yescon-1-768x512.jpg 768w, https:\/\/familienhoerbuch.de\/wp-content\/uploads\/2023\/10\/yescon-1.jpg 1200w\" sizes=\"(max-width: 1024px) 100vw, 1024px\" \/><\/figure>","protected":false},"excerpt":{"rendered":"<p>Am 14. Oktober fand wieder Deutschlands gr\u00f6\u00dfte\u00a0Krebs-Convention\u00a0statt. Diesmal traf man sich in Berlin. In verschiedenen Panels ging es mit Experten, \u00c4rzten und Betroffenen in Vortr\u00e4gen, Workshops und Publikumsaktionen, um Austausch und Innovation. Judith Gr\u00fcmmer war f\u00fcr das Familienh\u00f6rbuch mit vor Ort und traf Kooperationspartner, Experten und Projektteilnehmende. Bildbeschreibung: Frank Hoffmann und Kendra Zwiefka (2.v.r) von\u00a0Discovering [&hellip;]<\/p>","protected":false},"author":3,"featured_media":5028,"comment_status":"closed","ping_status":"open","sticky":false,"template":"","format":"standard","meta":{"_acf_changed":false,"footnotes":""},"categories":[13,116],"tags":[],"class_list":["post-5027","post","type-post","status-publish","format-standard","has-post-thumbnail","hentry","category-archiv","category-veranstaltungen"],"acf":[],"_links":{"self":[{"href":"https:\/\/familienhoerbuch.de\/en\/wp-json\/wp\/v2\/posts\/5027","targetHints":{"allow":["GET"]}}],"collection":[{"href":"https:\/\/familienhoerbuch.de\/en\/wp-json\/wp\/v2\/posts"}],"about":[{"href":"https:\/\/familienhoerbuch.de\/en\/wp-json\/wp\/v2\/types\/post"}],"author":[{"embeddable":true,"href":"https:\/\/familienhoerbuch.de\/en\/wp-json\/wp\/v2\/users\/3"}],"replies":[{"embeddable":true,"href":"https:\/\/familienhoerbuch.de\/en\/wp-json\/wp\/v2\/comments?post=5027"}],"version-history":[{"count":1,"href":"https:\/\/familienhoerbuch.de\/en\/wp-json\/wp\/v2\/posts\/5027\/revisions"}],"predecessor-version":[{"id":15216,"href":"https:\/\/familienhoerbuch.de\/en\/wp-json\/wp\/v2\/posts\/5027\/revisions\/15216"}],"wp:featuredmedia":[{"embeddable":true,"href":"https:\/\/familienhoerbuch.de\/en\/wp-json\/wp\/v2\/media\/5028"}],"wp:attachment":[{"href":"https:\/\/familienhoerbuch.de\/en\/wp-json\/wp\/v2\/media?parent=5027"}],"wp:term":[{"taxonomy":"category","embeddable":true,"href":"https:\/\/familienhoerbuch.de\/en\/wp-json\/wp\/v2\/categories?post=5027"},{"taxonomy":"post_tag","embeddable":true,"href":"https:\/\/familienhoerbuch.de\/en\/wp-json\/wp\/v2\/tags?post=5027"}],"curies":[{"name":"wp","href":"https:\/\/api.w.org\/{rel}","templated":true}]}}