{"id":5024,"date":"2023-10-18T10:43:21","date_gmt":"2023-10-18T09:43:21","guid":{"rendered":"https:\/\/familienhoerbuch.de\/?p=5024"},"modified":"2026-04-28T16:08:54","modified_gmt":"2026-04-28T14:08:54","slug":"netzwerken-auf-der-gala","status":"publish","type":"post","link":"https:\/\/familienhoerbuch.de\/en\/netzwerken-auf-der-gala\/","title":{"rendered":"Netzwerken auf der Gala"},"content":{"rendered":"<p>Die FUNKE Mediengruppe verlieh im Oktober zum 16. Mal Deutschlands wichtigsten Frauenpreis an sechs Alltagsheldinnen. Judith war als vorangegangene Preistr\u00e4gerin (2021) ebenfalls zu Gast und nutzte den Abend, um das Familienh\u00f6rbuch zu repr\u00e4sentieren, Inspirationen zu sammeln und unser Netzwerk zu erweitern. Besonders begeisterten sie die aktuellen\u00a0<a href=\"https:\/\/goldenebildderfrau.de\/\" target=\"_blank\" rel=\"noreferrer noopener\">GOLDENE BILD der FRAU-Preistr\u00e4gerinnen<\/a>: Andrea Krull (Gr\u00fcnderin der\u00a0<a href=\"https:\/\/www.xn--gynkologischer-krebs-deutschland-nyc.de\/unsere-projekte\/chor-jetzt-oder-nie\" target=\"_blank\" rel=\"noreferrer noopener\">Chor-Gemeinschaft \u201eJetzt oder nie!\u201c<\/a>\u00a0und des Vereins\u00a0<a href=\"https:\/\/www.xn--gynkologischer-krebs-deutschland-nyc.de\/\" target=\"_blank\" rel=\"noreferrer noopener\">\u201eGyn\u00e4kologische Krebserkrankungen Deutschland e.V\u201c<\/a>.), Anja van Eijsden (<a href=\"https:\/\/der-hafen-hilft.de\/\" target=\"_blank\" rel=\"noreferrer noopener\">\u201eDER\u00a0HAFEN HILFT! e.V\u201c<\/a>), Karin Lange (<a href=\"https:\/\/www.einsmehr.org\/\" target=\"_blank\" rel=\"noreferrer noopener\">\u201eeinsmehr\u00a0e.V.\u201c<\/a>,), Nina Fuchs (<a href=\"https:\/\/www.ko-ev.de\/\" target=\"_blank\" rel=\"noreferrer noopener\">\u201eKein Opfer e.V.\u201c<\/a>), Philippa Mund (<a href=\"https:\/\/www.sprunginsleben.de\/?page_id=1907&amp;lang=de\" target=\"_blank\" rel=\"noreferrer noopener\">\u201eSprung ins Leben e.V.\u201c<\/a>,) und Cordula Radtke (<a href=\"https:\/\/homepage.hamburg.de\/FFC-Wilhelmsburg\/index.html\" target=\"_blank\" rel=\"noreferrer noopener\">\u201e1. FFC Elbinsel Hamburg-Wilhelmsburg\u201c<\/a>). Sechs gro\u00dfartige Frauen, die mit ihren Projekten unsere Welt ein bisschen besser machen.<\/p>","protected":false},"excerpt":{"rendered":"<p>Die FUNKE Mediengruppe verlieh im Oktober zum 16. Mal Deutschlands wichtigsten Frauenpreis an sechs Alltagsheldinnen. Judith war als vorangegangene Preistr\u00e4gerin (2021) ebenfalls zu Gast und nutzte den Abend, um das Familienh\u00f6rbuch zu repr\u00e4sentieren, Inspirationen zu sammeln und unser Netzwerk zu erweitern. Besonders begeisterten sie die aktuellen\u00a0GOLDENE BILD der FRAU-Preistr\u00e4gerinnen: Andrea Krull (Gr\u00fcnderin der\u00a0Chor-Gemeinschaft \u201eJetzt oder [&hellip;]<\/p>","protected":false},"author":3,"featured_media":5025,"comment_status":"closed","ping_status":"open","sticky":false,"template":"","format":"standard","meta":{"_acf_changed":false,"footnotes":""},"categories":[13,119],"tags":[],"class_list":["post-5024","post","type-post","status-publish","format-standard","has-post-thumbnail","hentry","category-archiv","category-sonstiges"],"acf":[],"_links":{"self":[{"href":"https:\/\/familienhoerbuch.de\/en\/wp-json\/wp\/v2\/posts\/5024","targetHints":{"allow":["GET"]}}],"collection":[{"href":"https:\/\/familienhoerbuch.de\/en\/wp-json\/wp\/v2\/posts"}],"about":[{"href":"https:\/\/familienhoerbuch.de\/en\/wp-json\/wp\/v2\/types\/post"}],"author":[{"embeddable":true,"href":"https:\/\/familienhoerbuch.de\/en\/wp-json\/wp\/v2\/users\/3"}],"replies":[{"embeddable":true,"href":"https:\/\/familienhoerbuch.de\/en\/wp-json\/wp\/v2\/comments?post=5024"}],"version-history":[{"count":1,"href":"https:\/\/familienhoerbuch.de\/en\/wp-json\/wp\/v2\/posts\/5024\/revisions"}],"predecessor-version":[{"id":15217,"href":"https:\/\/familienhoerbuch.de\/en\/wp-json\/wp\/v2\/posts\/5024\/revisions\/15217"}],"wp:featuredmedia":[{"embeddable":true,"href":"https:\/\/familienhoerbuch.de\/en\/wp-json\/wp\/v2\/media\/5025"}],"wp:attachment":[{"href":"https:\/\/familienhoerbuch.de\/en\/wp-json\/wp\/v2\/media?parent=5024"}],"wp:term":[{"taxonomy":"category","embeddable":true,"href":"https:\/\/familienhoerbuch.de\/en\/wp-json\/wp\/v2\/categories?post=5024"},{"taxonomy":"post_tag","embeddable":true,"href":"https:\/\/familienhoerbuch.de\/en\/wp-json\/wp\/v2\/tags?post=5024"}],"curies":[{"name":"wp","href":"https:\/\/api.w.org\/{rel}","templated":true}]}}