{"id":4972,"date":"2023-10-10T10:08:32","date_gmt":"2023-10-10T09:08:32","guid":{"rendered":"https:\/\/familienhoerbuch.de\/?p=4972"},"modified":"2026-04-28T16:08:54","modified_gmt":"2026-04-28T14:08:54","slug":"tag-der-deutschen-einheit","status":"publish","type":"post","link":"https:\/\/familienhoerbuch.de\/en\/tag-der-deutschen-einheit\/","title":{"rendered":"Tag der Deutschen Einheit"},"content":{"rendered":"<p>Gemeinsam mit neun weiteren Vertretenden war Judith Gr\u00fcmmer Bestandteil der NRW-B\u00fcrgerdelegation beim <a href=\"https:\/\/tag-der-deutschen-einheit.de\/\" target=\"_blank\" rel=\"noreferrer noopener\">Fest zum Tag der Deutschen Einheit in Hamburg<\/a>. Unter dem Motto \u201eHorizonte \u00f6ffnen\u201c wurde die Vielfalt und Weltoffenheit Deutschlands erlebbar gemacht und neue Perspektiven fu\u0308r die Zukunft des wiedervereinigten Deutschlands pr\u00e4sentiert. Eine Einladung zu einem solchen Event wertsch\u00e4tzt das Engagement von Personen, die sich f\u00fcr die Gesellschaft stark machen, erm\u00f6glicht Netzwerkarbeit und zudem den Austausch mit Verfassungsorganen. Unsere Gr\u00fcnderin nutzte das viert\u00e4gige Rahmenprogramm, um das Familienh\u00f6rbuch bekannter zu machen, f\u00fcr viele gute Gespr\u00e4che und den Blick \u00fcber Tellerrand, der uns zukunftsf\u00e4hig h\u00e4lt.<\/p>","protected":false},"excerpt":{"rendered":"<p>Gemeinsam mit neun weiteren Vertretenden war Judith Gr\u00fcmmer Bestandteil der NRW-B\u00fcrgerdelegation beim Fest zum Tag der Deutschen Einheit in Hamburg. Unter dem Motto \u201eHorizonte \u00f6ffnen\u201c wurde die Vielfalt und Weltoffenheit Deutschlands erlebbar gemacht und neue Perspektiven fu\u0308r die Zukunft des wiedervereinigten Deutschlands pr\u00e4sentiert. Eine Einladung zu einem solchen Event wertsch\u00e4tzt das Engagement von Personen, die [&hellip;]<\/p>","protected":false},"author":3,"featured_media":4973,"comment_status":"closed","ping_status":"open","sticky":false,"template":"","format":"standard","meta":{"_acf_changed":false,"footnotes":""},"categories":[13,116],"tags":[],"class_list":["post-4972","post","type-post","status-publish","format-standard","has-post-thumbnail","hentry","category-archiv","category-veranstaltungen"],"acf":[],"_links":{"self":[{"href":"https:\/\/familienhoerbuch.de\/en\/wp-json\/wp\/v2\/posts\/4972","targetHints":{"allow":["GET"]}}],"collection":[{"href":"https:\/\/familienhoerbuch.de\/en\/wp-json\/wp\/v2\/posts"}],"about":[{"href":"https:\/\/familienhoerbuch.de\/en\/wp-json\/wp\/v2\/types\/post"}],"author":[{"embeddable":true,"href":"https:\/\/familienhoerbuch.de\/en\/wp-json\/wp\/v2\/users\/3"}],"replies":[{"embeddable":true,"href":"https:\/\/familienhoerbuch.de\/en\/wp-json\/wp\/v2\/comments?post=4972"}],"version-history":[{"count":1,"href":"https:\/\/familienhoerbuch.de\/en\/wp-json\/wp\/v2\/posts\/4972\/revisions"}],"predecessor-version":[{"id":15218,"href":"https:\/\/familienhoerbuch.de\/en\/wp-json\/wp\/v2\/posts\/4972\/revisions\/15218"}],"wp:featuredmedia":[{"embeddable":true,"href":"https:\/\/familienhoerbuch.de\/en\/wp-json\/wp\/v2\/media\/4973"}],"wp:attachment":[{"href":"https:\/\/familienhoerbuch.de\/en\/wp-json\/wp\/v2\/media?parent=4972"}],"wp:term":[{"taxonomy":"category","embeddable":true,"href":"https:\/\/familienhoerbuch.de\/en\/wp-json\/wp\/v2\/categories?post=4972"},{"taxonomy":"post_tag","embeddable":true,"href":"https:\/\/familienhoerbuch.de\/en\/wp-json\/wp\/v2\/tags?post=4972"}],"curies":[{"name":"wp","href":"https:\/\/api.w.org\/{rel}","templated":true}]}}