{"id":4941,"date":"2023-10-04T10:48:14","date_gmt":"2023-10-04T09:48:14","guid":{"rendered":"https:\/\/familienhoerbuch.de\/?p=4941"},"modified":"2026-04-28T16:08:54","modified_gmt":"2026-04-28T14:08:54","slug":"im-hamburger-abendblatt","status":"publish","type":"post","link":"https:\/\/familienhoerbuch.de\/en\/im-hamburger-abendblatt\/","title":{"rendered":"Im Hamburger Abendblatt"},"content":{"rendered":"<p>Ein Tandem aus Audiobiografin und Projektteilnehmerin sprach mit Juliane Lauterbach vom Hamburger Abendblatt. Beide gaben Einblicke in den Prozess der Familienh\u00f6rbuch-Aufnahmetage. Im Artikel wird deutlich, wie komplex die Abl\u00e4ufe sind, welche Gef\u00fchle auf die Mitwirkenden einst\u00fcrmen und wie man dann am Ende mitunter aufs Projekt blickt.<\/p>\n\n\n\n<p><a href=\"https:\/\/www.abendblatt.de\/hamburg\/eimsbuettel\/article239695335\/Was-ich-dir-noch-sagen-will-ein-Hoerbuch-fuer-mein-Kind.html\" target=\"_blank\" rel=\"noreferrer noopener\">Zur Ver\u00f6ffentlichung<\/a><\/p>","protected":false},"excerpt":{"rendered":"<p>Ein Tandem aus Audiobiografin und Projektteilnehmerin sprach mit Juliane Lauterbach vom Hamburger Abendblatt. Beide gaben Einblicke in den Prozess der Familienh\u00f6rbuch-Aufnahmetage. Im Artikel wird deutlich, wie komplex die Abl\u00e4ufe sind, welche Gef\u00fchle auf die Mitwirkenden einst\u00fcrmen und wie man dann am Ende mitunter aufs Projekt blickt. Zur Ver\u00f6ffentlichung<\/p>","protected":false},"author":3,"featured_media":4942,"comment_status":"closed","ping_status":"open","sticky":false,"template":"","format":"standard","meta":{"_acf_changed":false,"footnotes":""},"categories":[13,113],"tags":[],"class_list":["post-4941","post","type-post","status-publish","format-standard","has-post-thumbnail","hentry","category-archiv","category-print-digital"],"acf":[],"_links":{"self":[{"href":"https:\/\/familienhoerbuch.de\/en\/wp-json\/wp\/v2\/posts\/4941","targetHints":{"allow":["GET"]}}],"collection":[{"href":"https:\/\/familienhoerbuch.de\/en\/wp-json\/wp\/v2\/posts"}],"about":[{"href":"https:\/\/familienhoerbuch.de\/en\/wp-json\/wp\/v2\/types\/post"}],"author":[{"embeddable":true,"href":"https:\/\/familienhoerbuch.de\/en\/wp-json\/wp\/v2\/users\/3"}],"replies":[{"embeddable":true,"href":"https:\/\/familienhoerbuch.de\/en\/wp-json\/wp\/v2\/comments?post=4941"}],"version-history":[{"count":1,"href":"https:\/\/familienhoerbuch.de\/en\/wp-json\/wp\/v2\/posts\/4941\/revisions"}],"predecessor-version":[{"id":15220,"href":"https:\/\/familienhoerbuch.de\/en\/wp-json\/wp\/v2\/posts\/4941\/revisions\/15220"}],"wp:featuredmedia":[{"embeddable":true,"href":"https:\/\/familienhoerbuch.de\/en\/wp-json\/wp\/v2\/media\/4942"}],"wp:attachment":[{"href":"https:\/\/familienhoerbuch.de\/en\/wp-json\/wp\/v2\/media?parent=4941"}],"wp:term":[{"taxonomy":"category","embeddable":true,"href":"https:\/\/familienhoerbuch.de\/en\/wp-json\/wp\/v2\/categories?post=4941"},{"taxonomy":"post_tag","embeddable":true,"href":"https:\/\/familienhoerbuch.de\/en\/wp-json\/wp\/v2\/tags?post=4941"}],"curies":[{"name":"wp","href":"https:\/\/api.w.org\/{rel}","templated":true}]}}