{"id":4938,"date":"2023-10-04T10:46:34","date_gmt":"2023-10-04T09:46:34","guid":{"rendered":"https:\/\/familienhoerbuch.de\/?p=4938"},"modified":"2026-04-28T16:08:54","modified_gmt":"2026-04-28T14:08:54","slug":"die-dpa-zu-gast","status":"publish","type":"post","link":"https:\/\/familienhoerbuch.de\/en\/die-dpa-zu-gast\/","title":{"rendered":"Die dpa zu Gast"},"content":{"rendered":"<p>Ende September bekamen wir Besuch von der dpa. Im Gespr\u00e4ch mit Judith Gr\u00fcmmer, einer Audiobiografin, einer Sounddesignerin und einem Projektteilnehmer entstand ein spannender Bericht, der nun durch verschiedene Medien seine Kreise zieht. Im Grenzecho, der Lingener Tagespost und bei T-Online wurden die Inhalte zuerst abgedruckt. Weitere Medien folgten. F\u00fcr uns etwas ganz Besonderes: Der Vater, der bei uns ein Familienh\u00f6rbuch eingesprochen hatte und zum Interview bereit war, gab Fotos von den Aufnahmetagen frei und gew\u00e4hrte exklusive, sehr private Einblicke.<\/p>\n\n\n\n<p><a href=\"https:\/\/www.t-online.de\/region\/koeln\/id_100250894\/koeln-todkranke-eltern-nehmen-hoerbuecher-fuer-ihre-kinder-auf.html\" target=\"_blank\" rel=\"noreferrer noopener\">Zum Text<\/a><\/p>","protected":false},"excerpt":{"rendered":"<p>Ende September bekamen wir Besuch von der dpa. Im Gespr\u00e4ch mit Judith Gr\u00fcmmer, einer Audiobiografin, einer Sounddesignerin und einem Projektteilnehmer entstand ein spannender Bericht, der nun durch verschiedene Medien seine Kreise zieht. Im Grenzecho, der Lingener Tagespost und bei T-Online wurden die Inhalte zuerst abgedruckt. Weitere Medien folgten. F\u00fcr uns etwas ganz Besonderes: Der Vater, [&hellip;]<\/p>","protected":false},"author":3,"featured_media":4939,"comment_status":"closed","ping_status":"open","sticky":false,"template":"","format":"standard","meta":{"_acf_changed":false,"footnotes":""},"categories":[13,113],"tags":[],"class_list":["post-4938","post","type-post","status-publish","format-standard","has-post-thumbnail","hentry","category-archiv","category-print-digital"],"acf":[],"_links":{"self":[{"href":"https:\/\/familienhoerbuch.de\/en\/wp-json\/wp\/v2\/posts\/4938","targetHints":{"allow":["GET"]}}],"collection":[{"href":"https:\/\/familienhoerbuch.de\/en\/wp-json\/wp\/v2\/posts"}],"about":[{"href":"https:\/\/familienhoerbuch.de\/en\/wp-json\/wp\/v2\/types\/post"}],"author":[{"embeddable":true,"href":"https:\/\/familienhoerbuch.de\/en\/wp-json\/wp\/v2\/users\/3"}],"replies":[{"embeddable":true,"href":"https:\/\/familienhoerbuch.de\/en\/wp-json\/wp\/v2\/comments?post=4938"}],"version-history":[{"count":1,"href":"https:\/\/familienhoerbuch.de\/en\/wp-json\/wp\/v2\/posts\/4938\/revisions"}],"predecessor-version":[{"id":15221,"href":"https:\/\/familienhoerbuch.de\/en\/wp-json\/wp\/v2\/posts\/4938\/revisions\/15221"}],"wp:featuredmedia":[{"embeddable":true,"href":"https:\/\/familienhoerbuch.de\/en\/wp-json\/wp\/v2\/media\/4939"}],"wp:attachment":[{"href":"https:\/\/familienhoerbuch.de\/en\/wp-json\/wp\/v2\/media?parent=4938"}],"wp:term":[{"taxonomy":"category","embeddable":true,"href":"https:\/\/familienhoerbuch.de\/en\/wp-json\/wp\/v2\/categories?post=4938"},{"taxonomy":"post_tag","embeddable":true,"href":"https:\/\/familienhoerbuch.de\/en\/wp-json\/wp\/v2\/tags?post=4938"}],"curies":[{"name":"wp","href":"https:\/\/api.w.org\/{rel}","templated":true}]}}