{"id":4911,"date":"2023-09-28T10:09:20","date_gmt":"2023-09-28T09:09:20","guid":{"rendered":"https:\/\/familienhoerbuch.de\/?p=4911"},"modified":"2026-04-28T16:08:40","modified_gmt":"2026-04-28T14:08:40","slug":"letzte-hilfe-kurs-absolviert","status":"publish","type":"post","link":"https:\/\/familienhoerbuch.de\/en\/letzte-hilfe-kurs-absolviert\/","title":{"rendered":"Letzte-Hilfe-Kurs absolviert"},"content":{"rendered":"<p>Mehrere Mitglieder des Familienh\u00f6rbuch-Teams haben im September erfolgreich an einem Letzte-Hilfe-Kurs teilgenommen und konnten sich dadurch n\u00e4her mit Themen wie \u201eSterben als Teil des Lebens\u201c und \u201eAbschied nehmen\u201c auseinandersetzen. Die veranstaltende Organisation <a rel=\"noreferrer noopener\" href=\"https:\/\/homecareberlin.de\/\" target=\"_blank\">Home Care Berlin e.V.<\/a> setzt sich aktiv f\u00fcr Qualit\u00e4t im Palliativbereich ein und bietet ein entsprechendes Fort- und Weiterbildungsprogramm an. F\u00fcr die Familienh\u00f6rbuch gGmbH war die Teilnahme kostenfrei. Home Care Berlin e.V. unterst\u00fctzt damit unsere Arbeit aktiv und tr\u00e4gt mit zur weiteren Professionalisierung bei.<\/p>","protected":false},"excerpt":{"rendered":"<p>Mehrere Mitglieder des Familienh\u00f6rbuch-Teams haben im September erfolgreich an einem Letzte-Hilfe-Kurs teilgenommen und konnten sich dadurch n\u00e4her mit Themen wie \u201eSterben als Teil des Lebens\u201c und \u201eAbschied nehmen\u201c auseinandersetzen. Die veranstaltende Organisation Home Care Berlin e.V. setzt sich aktiv f\u00fcr Qualit\u00e4t im Palliativbereich ein und bietet ein entsprechendes Fort- und Weiterbildungsprogramm an. F\u00fcr die Familienh\u00f6rbuch [&hellip;]<\/p>","protected":false},"author":3,"featured_media":4912,"comment_status":"closed","ping_status":"open","sticky":false,"template":"","format":"standard","meta":{"_acf_changed":false,"footnotes":""},"categories":[13,119],"tags":[],"class_list":["post-4911","post","type-post","status-publish","format-standard","has-post-thumbnail","hentry","category-archiv","category-sonstiges"],"acf":[],"_links":{"self":[{"href":"https:\/\/familienhoerbuch.de\/en\/wp-json\/wp\/v2\/posts\/4911","targetHints":{"allow":["GET"]}}],"collection":[{"href":"https:\/\/familienhoerbuch.de\/en\/wp-json\/wp\/v2\/posts"}],"about":[{"href":"https:\/\/familienhoerbuch.de\/en\/wp-json\/wp\/v2\/types\/post"}],"author":[{"embeddable":true,"href":"https:\/\/familienhoerbuch.de\/en\/wp-json\/wp\/v2\/users\/3"}],"replies":[{"embeddable":true,"href":"https:\/\/familienhoerbuch.de\/en\/wp-json\/wp\/v2\/comments?post=4911"}],"version-history":[{"count":1,"href":"https:\/\/familienhoerbuch.de\/en\/wp-json\/wp\/v2\/posts\/4911\/revisions"}],"predecessor-version":[{"id":15184,"href":"https:\/\/familienhoerbuch.de\/en\/wp-json\/wp\/v2\/posts\/4911\/revisions\/15184"}],"wp:featuredmedia":[{"embeddable":true,"href":"https:\/\/familienhoerbuch.de\/en\/wp-json\/wp\/v2\/media\/4912"}],"wp:attachment":[{"href":"https:\/\/familienhoerbuch.de\/en\/wp-json\/wp\/v2\/media?parent=4911"}],"wp:term":[{"taxonomy":"category","embeddable":true,"href":"https:\/\/familienhoerbuch.de\/en\/wp-json\/wp\/v2\/categories?post=4911"},{"taxonomy":"post_tag","embeddable":true,"href":"https:\/\/familienhoerbuch.de\/en\/wp-json\/wp\/v2\/tags?post=4911"}],"curies":[{"name":"wp","href":"https:\/\/api.w.org\/{rel}","templated":true}]}}