{"id":4907,"date":"2023-09-28T10:06:46","date_gmt":"2023-09-28T09:06:46","guid":{"rendered":"https:\/\/familienhoerbuch.de\/?p=4907"},"modified":"2026-04-28T16:08:40","modified_gmt":"2026-04-28T14:08:40","slug":"im-gespraech-mit-dem-bundespraesidenten","status":"publish","type":"post","link":"https:\/\/familienhoerbuch.de\/en\/im-gespraech-mit-dem-bundespraesidenten\/","title":{"rendered":"Im Gespr\u00e4ch mit dem Bundespr\u00e4sidenten"},"content":{"rendered":"<p>Am 8. und 9. September 2023 waren wir auf dem B\u00fcrgerfest des Bundespr\u00e4sidenten in Berlin zu Gast. Judith Gr\u00fcmmer (Gr\u00fcnderin) und Inge Schnitzler (ehrenamtliche Psychoonkologin) nahmen diese besondere Gelegenheit wahr, um das Familienh\u00f6rbuch in der \u00d6ffentlichkeit zu pr\u00e4sentieren. <a rel=\"noreferrer noopener\" href=\"https:\/\/www.gileadsciences.de\/\" target=\"_blank\">Gilead Sciences<\/a> stellte uns freundlicher Weise einen Platz in ihrem Partnerzelt zur Verf\u00fcgung. Viele Begegnungen, Netzwerkerweiterungen und Sonnenmomente sp\u00e4ter gab es eine unerwartete \u00dcberraschung f\u00fcr uns: Frank-Walter Steinmeier kam pers\u00f6nlich an unseren Infostand und informierte sich \u00fcber unsere Arbeit. Nicht nur die Abordnung des Teams, sondern auch eine Angeh\u00f6rige, die durch Zufall zeitgleich vor Ort war, verdeutlichte, dass das Familienh\u00f6rbuch im Hier und Jetzt helfen kann und auch in der Zukunft begleitet. Der Bundespr\u00e4sident w\u00fcnschte der betroffenen Familie viel Kraft und er bedankte sich bei uns f\u00fcr unser Herzensprojekt.<\/p>\n\n\n\n<figure class=\"wp-block-image size-large\"><img fetchpriority=\"high\" decoding=\"async\" width=\"1024\" height=\"684\" src=\"https:\/\/familienhoerbuch.de\/wp-content\/uploads\/2023\/09\/Buergerfest_1_Christian_Angl_Copyright-1024x684.jpg\" alt=\"\" class=\"wp-image-4909\" srcset=\"https:\/\/familienhoerbuch.de\/wp-content\/uploads\/2023\/09\/Buergerfest_1_Christian_Angl_Copyright-1024x684.jpg 1024w, https:\/\/familienhoerbuch.de\/wp-content\/uploads\/2023\/09\/Buergerfest_1_Christian_Angl_Copyright-300x200.jpg 300w, https:\/\/familienhoerbuch.de\/wp-content\/uploads\/2023\/09\/Buergerfest_1_Christian_Angl_Copyright-768x513.jpg 768w, https:\/\/familienhoerbuch.de\/wp-content\/uploads\/2023\/09\/Buergerfest_1_Christian_Angl_Copyright.jpg 1200w\" sizes=\"(max-width: 1024px) 100vw, 1024px\" \/><\/figure>","protected":false},"excerpt":{"rendered":"<p>Am 8. und 9. September 2023 waren wir auf dem B\u00fcrgerfest des Bundespr\u00e4sidenten in Berlin zu Gast. Judith Gr\u00fcmmer (Gr\u00fcnderin) und Inge Schnitzler (ehrenamtliche Psychoonkologin) nahmen diese besondere Gelegenheit wahr, um das Familienh\u00f6rbuch in der \u00d6ffentlichkeit zu pr\u00e4sentieren. Gilead Sciences stellte uns freundlicher Weise einen Platz in ihrem Partnerzelt zur Verf\u00fcgung. Viele Begegnungen, Netzwerkerweiterungen und [&hellip;]<\/p>","protected":false},"author":3,"featured_media":4922,"comment_status":"closed","ping_status":"open","sticky":false,"template":"","format":"standard","meta":{"_acf_changed":false,"footnotes":""},"categories":[13,116],"tags":[],"class_list":["post-4907","post","type-post","status-publish","format-standard","has-post-thumbnail","hentry","category-archiv","category-veranstaltungen"],"acf":[],"_links":{"self":[{"href":"https:\/\/familienhoerbuch.de\/en\/wp-json\/wp\/v2\/posts\/4907","targetHints":{"allow":["GET"]}}],"collection":[{"href":"https:\/\/familienhoerbuch.de\/en\/wp-json\/wp\/v2\/posts"}],"about":[{"href":"https:\/\/familienhoerbuch.de\/en\/wp-json\/wp\/v2\/types\/post"}],"author":[{"embeddable":true,"href":"https:\/\/familienhoerbuch.de\/en\/wp-json\/wp\/v2\/users\/3"}],"replies":[{"embeddable":true,"href":"https:\/\/familienhoerbuch.de\/en\/wp-json\/wp\/v2\/comments?post=4907"}],"version-history":[{"count":1,"href":"https:\/\/familienhoerbuch.de\/en\/wp-json\/wp\/v2\/posts\/4907\/revisions"}],"predecessor-version":[{"id":15185,"href":"https:\/\/familienhoerbuch.de\/en\/wp-json\/wp\/v2\/posts\/4907\/revisions\/15185"}],"wp:featuredmedia":[{"embeddable":true,"href":"https:\/\/familienhoerbuch.de\/en\/wp-json\/wp\/v2\/media\/4922"}],"wp:attachment":[{"href":"https:\/\/familienhoerbuch.de\/en\/wp-json\/wp\/v2\/media?parent=4907"}],"wp:term":[{"taxonomy":"category","embeddable":true,"href":"https:\/\/familienhoerbuch.de\/en\/wp-json\/wp\/v2\/categories?post=4907"},{"taxonomy":"post_tag","embeddable":true,"href":"https:\/\/familienhoerbuch.de\/en\/wp-json\/wp\/v2\/tags?post=4907"}],"curies":[{"name":"wp","href":"https:\/\/api.w.org\/{rel}","templated":true}]}}