{"id":4853,"date":"2023-09-06T10:38:24","date_gmt":"2023-09-06T09:38:24","guid":{"rendered":"https:\/\/familienhoerbuch.de\/?p=4853"},"modified":"2026-04-28T16:08:40","modified_gmt":"2026-04-28T14:08:40","slug":"brigitte-online","status":"publish","type":"post","link":"https:\/\/familienhoerbuch.de\/en\/brigitte-online\/","title":{"rendered":"Brigitte Online"},"content":{"rendered":"<p>29.08.2023, Jenny Weber, Palliativpatientin erz\u00e4hlt: &#8222;Das ist mein wichtigstes Verm\u00e4chtnis f\u00fcr mein Kind&#8220; Eine Palliativpatientin erz\u00e4hlt \u00fcber den Wert der Hoffnung \u2013 und ein besonderes Erinnerungsprojekt f\u00fcr ihre Tochter. Sie hat ihre Lebensgeschichte als H\u00f6rbuch aufgenommen. Christin ist 33 Jahre alt und erhielt in der Schwangerschaft die Diagnose aggressiver Brustkrebs.<\/p>\n\n\n\n<p><a rel=\"noreferrer noopener\" href=\"https:\/\/www.brigitte.de\/familie\/familienhoerbuch---das-ist-mein-wichtigstes-vermaechtnis-fuer-mein-kind--13580250.html\" target=\"_blank\">https:\/\/www.brigitte.de\/familie\/familienhoerbuch&#8212;das-ist-mein-wichtigstes-vermaechtnis-fuer-mein-kind&#8211;13580250.html<\/a><\/p>","protected":false},"excerpt":{"rendered":"<p>29.08.2023, Jenny Weber, Palliativpatientin erz\u00e4hlt: &#8222;Das ist mein wichtigstes Verm\u00e4chtnis f\u00fcr mein Kind&#8220; Eine Palliativpatientin erz\u00e4hlt \u00fcber den Wert der Hoffnung \u2013 und ein besonderes Erinnerungsprojekt f\u00fcr ihre Tochter. Sie hat ihre Lebensgeschichte als H\u00f6rbuch aufgenommen. Christin ist 33 Jahre alt und erhielt in der Schwangerschaft die Diagnose aggressiver Brustkrebs. https:\/\/www.brigitte.de\/familie\/familienhoerbuch&#8212;das-ist-mein-wichtigstes-vermaechtnis-fuer-mein-kind&#8211;13580250.html<\/p>","protected":false},"author":3,"featured_media":4854,"comment_status":"closed","ping_status":"open","sticky":false,"template":"","format":"standard","meta":{"_acf_changed":false,"footnotes":""},"categories":[13,113],"tags":[],"class_list":["post-4853","post","type-post","status-publish","format-standard","has-post-thumbnail","hentry","category-archiv","category-print-digital"],"acf":[],"_links":{"self":[{"href":"https:\/\/familienhoerbuch.de\/en\/wp-json\/wp\/v2\/posts\/4853","targetHints":{"allow":["GET"]}}],"collection":[{"href":"https:\/\/familienhoerbuch.de\/en\/wp-json\/wp\/v2\/posts"}],"about":[{"href":"https:\/\/familienhoerbuch.de\/en\/wp-json\/wp\/v2\/types\/post"}],"author":[{"embeddable":true,"href":"https:\/\/familienhoerbuch.de\/en\/wp-json\/wp\/v2\/users\/3"}],"replies":[{"embeddable":true,"href":"https:\/\/familienhoerbuch.de\/en\/wp-json\/wp\/v2\/comments?post=4853"}],"version-history":[{"count":1,"href":"https:\/\/familienhoerbuch.de\/en\/wp-json\/wp\/v2\/posts\/4853\/revisions"}],"predecessor-version":[{"id":15186,"href":"https:\/\/familienhoerbuch.de\/en\/wp-json\/wp\/v2\/posts\/4853\/revisions\/15186"}],"wp:featuredmedia":[{"embeddable":true,"href":"https:\/\/familienhoerbuch.de\/en\/wp-json\/wp\/v2\/media\/4854"}],"wp:attachment":[{"href":"https:\/\/familienhoerbuch.de\/en\/wp-json\/wp\/v2\/media?parent=4853"}],"wp:term":[{"taxonomy":"category","embeddable":true,"href":"https:\/\/familienhoerbuch.de\/en\/wp-json\/wp\/v2\/categories?post=4853"},{"taxonomy":"post_tag","embeddable":true,"href":"https:\/\/familienhoerbuch.de\/en\/wp-json\/wp\/v2\/tags?post=4853"}],"curies":[{"name":"wp","href":"https:\/\/api.w.org\/{rel}","templated":true}]}}