{"id":4836,"date":"2023-09-06T10:35:57","date_gmt":"2023-09-06T09:35:57","guid":{"rendered":"https:\/\/familienhoerbuch.de\/?p=4836"},"modified":"2026-04-28T16:08:40","modified_gmt":"2026-04-28T14:08:40","slug":"mitteldeutsche-zeitung","status":"publish","type":"post","link":"https:\/\/familienhoerbuch.de\/en\/mitteldeutsche-zeitung\/","title":{"rendered":"Mitteldeutsche Zeitung"},"content":{"rendered":"<p>24.\/25.08.2023, Helene Kilb: Ein H\u00f6rbuch f\u00fcr die Hinterbliebenen &#8211; eine Initiative erm\u00f6glicht es unheilbar Kranken mit Kindern, ihre Lebensgeschichte f\u00fcr die Nachwelt festzuhalten: In Form einer Audiodatei, die Erinnerungen bewahrt. Lesen Sie hier den <a rel=\"noreferrer noopener\" href=\"https:\/\/familienhoerbuch.de\/wp-content\/uploads\/2023\/09\/Mitteldeutsche_Familienhoerbuch.pdf\" target=\"_blank\">gesamten Artikel<\/a>.<\/p>","protected":false},"excerpt":{"rendered":"<p>24.\/25.08.2023, Helene Kilb: Ein H\u00f6rbuch f\u00fcr die Hinterbliebenen &#8211; eine Initiative erm\u00f6glicht es unheilbar Kranken mit Kindern, ihre Lebensgeschichte f\u00fcr die Nachwelt festzuhalten: In Form einer Audiodatei, die Erinnerungen bewahrt. Lesen Sie hier den gesamten Artikel.<\/p>","protected":false},"author":3,"featured_media":4849,"comment_status":"closed","ping_status":"open","sticky":false,"template":"","format":"standard","meta":{"_acf_changed":false,"footnotes":""},"categories":[13,113],"tags":[],"class_list":["post-4836","post","type-post","status-publish","format-standard","has-post-thumbnail","hentry","category-archiv","category-print-digital"],"acf":[],"_links":{"self":[{"href":"https:\/\/familienhoerbuch.de\/en\/wp-json\/wp\/v2\/posts\/4836","targetHints":{"allow":["GET"]}}],"collection":[{"href":"https:\/\/familienhoerbuch.de\/en\/wp-json\/wp\/v2\/posts"}],"about":[{"href":"https:\/\/familienhoerbuch.de\/en\/wp-json\/wp\/v2\/types\/post"}],"author":[{"embeddable":true,"href":"https:\/\/familienhoerbuch.de\/en\/wp-json\/wp\/v2\/users\/3"}],"replies":[{"embeddable":true,"href":"https:\/\/familienhoerbuch.de\/en\/wp-json\/wp\/v2\/comments?post=4836"}],"version-history":[{"count":1,"href":"https:\/\/familienhoerbuch.de\/en\/wp-json\/wp\/v2\/posts\/4836\/revisions"}],"predecessor-version":[{"id":15187,"href":"https:\/\/familienhoerbuch.de\/en\/wp-json\/wp\/v2\/posts\/4836\/revisions\/15187"}],"wp:featuredmedia":[{"embeddable":true,"href":"https:\/\/familienhoerbuch.de\/en\/wp-json\/wp\/v2\/media\/4849"}],"wp:attachment":[{"href":"https:\/\/familienhoerbuch.de\/en\/wp-json\/wp\/v2\/media?parent=4836"}],"wp:term":[{"taxonomy":"category","embeddable":true,"href":"https:\/\/familienhoerbuch.de\/en\/wp-json\/wp\/v2\/categories?post=4836"},{"taxonomy":"post_tag","embeddable":true,"href":"https:\/\/familienhoerbuch.de\/en\/wp-json\/wp\/v2\/tags?post=4836"}],"curies":[{"name":"wp","href":"https:\/\/api.w.org\/{rel}","templated":true}]}}