{"id":4650,"date":"2023-07-26T10:47:43","date_gmt":"2023-07-26T09:47:43","guid":{"rendered":"https:\/\/familienhoerbuch.de\/?p=4650"},"modified":"2026-04-28T16:08:40","modified_gmt":"2026-04-28T14:08:40","slug":"im-podcast-von-ab-unter-die-erde","status":"publish","type":"post","link":"https:\/\/familienhoerbuch.de\/en\/im-podcast-von-ab-unter-die-erde\/","title":{"rendered":"Im Podcast von \u201eAb unter die Erde\u201c"},"content":{"rendered":"<p>21.07.2023, Wenn das Leben den Tod verlangt: \u201eEin Schatz f\u00fcr die Ewigkeit\u201c so lautet der Titel dieser Podcastfolge in der Judith Gr\u00fcmmer von ihrem Team schw\u00e4rmt. Ohne ihre wundervollen Helfer:innen h\u00e4tte das Projekt Familienh\u00f6rbuch niemals umgesetzt werden k\u00f6nnen. Aus dem Herzensprojekt von Judith ist mittlerweile ein gemeinn\u00fctziges Unternehmen geworden&#8230;<\/p>\n\n\n\n<p><a href=\"https:\/\/www.podcast.de\/episode\/610910939\/8-ein-schatz-fuer-die-ewigkeit\" target=\"_blank\" rel=\"noreferrer noopener\">https:\/\/www.podcast.de\/episode\/610910939\/8-ein-schatz-fuer-die-ewigkeit<\/a><\/p>","protected":false},"excerpt":{"rendered":"<p>21.07.2023, Wenn das Leben den Tod verlangt: \u201eEin Schatz f\u00fcr die Ewigkeit\u201c so lautet der Titel dieser Podcastfolge in der Judith Gr\u00fcmmer von ihrem Team schw\u00e4rmt. Ohne ihre wundervollen Helfer:innen h\u00e4tte das Projekt Familienh\u00f6rbuch niemals umgesetzt werden k\u00f6nnen. Aus dem Herzensprojekt von Judith ist mittlerweile ein gemeinn\u00fctziges Unternehmen geworden&#8230; https:\/\/www.podcast.de\/episode\/610910939\/8-ein-schatz-fuer-die-ewigkeit<\/p>","protected":false},"author":3,"featured_media":4685,"comment_status":"closed","ping_status":"open","sticky":false,"template":"","format":"standard","meta":{"_acf_changed":false,"footnotes":""},"categories":[13,114],"tags":[],"class_list":["post-4650","post","type-post","status-publish","format-standard","has-post-thumbnail","hentry","category-archiv","category-podcast"],"acf":[],"_links":{"self":[{"href":"https:\/\/familienhoerbuch.de\/en\/wp-json\/wp\/v2\/posts\/4650","targetHints":{"allow":["GET"]}}],"collection":[{"href":"https:\/\/familienhoerbuch.de\/en\/wp-json\/wp\/v2\/posts"}],"about":[{"href":"https:\/\/familienhoerbuch.de\/en\/wp-json\/wp\/v2\/types\/post"}],"author":[{"embeddable":true,"href":"https:\/\/familienhoerbuch.de\/en\/wp-json\/wp\/v2\/users\/3"}],"replies":[{"embeddable":true,"href":"https:\/\/familienhoerbuch.de\/en\/wp-json\/wp\/v2\/comments?post=4650"}],"version-history":[{"count":1,"href":"https:\/\/familienhoerbuch.de\/en\/wp-json\/wp\/v2\/posts\/4650\/revisions"}],"predecessor-version":[{"id":15191,"href":"https:\/\/familienhoerbuch.de\/en\/wp-json\/wp\/v2\/posts\/4650\/revisions\/15191"}],"wp:featuredmedia":[{"embeddable":true,"href":"https:\/\/familienhoerbuch.de\/en\/wp-json\/wp\/v2\/media\/4685"}],"wp:attachment":[{"href":"https:\/\/familienhoerbuch.de\/en\/wp-json\/wp\/v2\/media?parent=4650"}],"wp:term":[{"taxonomy":"category","embeddable":true,"href":"https:\/\/familienhoerbuch.de\/en\/wp-json\/wp\/v2\/categories?post=4650"},{"taxonomy":"post_tag","embeddable":true,"href":"https:\/\/familienhoerbuch.de\/en\/wp-json\/wp\/v2\/tags?post=4650"}],"curies":[{"name":"wp","href":"https:\/\/api.w.org\/{rel}","templated":true}]}}