{"id":4591,"date":"2023-07-12T11:04:12","date_gmt":"2023-07-12T10:04:12","guid":{"rendered":"https:\/\/familienhoerbuch.de\/?p=4591"},"modified":"2026-04-28T16:08:40","modified_gmt":"2026-04-28T14:08:40","slug":"swr-ein-fernsehbeitrag","status":"publish","type":"post","link":"https:\/\/familienhoerbuch.de\/en\/swr-ein-fernsehbeitrag\/","title":{"rendered":"SWR \u2013 Ein Fernsehbeitrag"},"content":{"rendered":"<p>06.07.2023, Landesschau Rheinland-Pfalz: Frau Frorath hat ihr eigenes Familienh\u00f6rbuch mit einer Audiobiografin aufgenommen und hinterl\u00e4sst diesen H\u00f6rschatz ihrer Familie. Der Ehemann von Frau Frorath und ihr Sohn berichten, wie wichtig dieses H\u00f6rbuch f\u00fcr sie alle ist. Alle Familienh\u00f6rb\u00fccher finanzieren sich ausschlie\u00dflich \u00fcber Spenden, darauf verweist Sabine Fiedler ebenfalls in diesem Beitrag.<\/p>\n\n\n\n<p><a href=\"https:\/\/www.swrfernsehen.de\/landesschau-rp\/pias-stimme-bleibt-auch-nach-dem-tod-100.html\" target=\"_blank\" rel=\"noreferrer noopener\">https:\/\/www.swrfernsehen.de\/landesschau-rp\/pias-stimme-bleibt-auch-nach-dem-tod-100.html<\/a><\/p>","protected":false},"excerpt":{"rendered":"<p>06.07.2023, Landesschau Rheinland-Pfalz: Frau Frorath hat ihr eigenes Familienh\u00f6rbuch mit einer Audiobiografin aufgenommen und hinterl\u00e4sst diesen H\u00f6rschatz ihrer Familie. Der Ehemann von Frau Frorath und ihr Sohn berichten, wie wichtig dieses H\u00f6rbuch f\u00fcr sie alle ist. Alle Familienh\u00f6rb\u00fccher finanzieren sich ausschlie\u00dflich \u00fcber Spenden, darauf verweist Sabine Fiedler ebenfalls in diesem Beitrag. https:\/\/www.swrfernsehen.de\/landesschau-rp\/pias-stimme-bleibt-auch-nach-dem-tod-100.html<\/p>","protected":false},"author":3,"featured_media":4592,"comment_status":"closed","ping_status":"open","sticky":false,"template":"","format":"standard","meta":{"_acf_changed":false,"footnotes":""},"categories":[13,112],"tags":[],"class_list":["post-4591","post","type-post","status-publish","format-standard","has-post-thumbnail","hentry","category-archiv","category-tv-archiv"],"acf":[],"_links":{"self":[{"href":"https:\/\/familienhoerbuch.de\/en\/wp-json\/wp\/v2\/posts\/4591","targetHints":{"allow":["GET"]}}],"collection":[{"href":"https:\/\/familienhoerbuch.de\/en\/wp-json\/wp\/v2\/posts"}],"about":[{"href":"https:\/\/familienhoerbuch.de\/en\/wp-json\/wp\/v2\/types\/post"}],"author":[{"embeddable":true,"href":"https:\/\/familienhoerbuch.de\/en\/wp-json\/wp\/v2\/users\/3"}],"replies":[{"embeddable":true,"href":"https:\/\/familienhoerbuch.de\/en\/wp-json\/wp\/v2\/comments?post=4591"}],"version-history":[{"count":1,"href":"https:\/\/familienhoerbuch.de\/en\/wp-json\/wp\/v2\/posts\/4591\/revisions"}],"predecessor-version":[{"id":15192,"href":"https:\/\/familienhoerbuch.de\/en\/wp-json\/wp\/v2\/posts\/4591\/revisions\/15192"}],"wp:featuredmedia":[{"embeddable":true,"href":"https:\/\/familienhoerbuch.de\/en\/wp-json\/wp\/v2\/media\/4592"}],"wp:attachment":[{"href":"https:\/\/familienhoerbuch.de\/en\/wp-json\/wp\/v2\/media?parent=4591"}],"wp:term":[{"taxonomy":"category","embeddable":true,"href":"https:\/\/familienhoerbuch.de\/en\/wp-json\/wp\/v2\/categories?post=4591"},{"taxonomy":"post_tag","embeddable":true,"href":"https:\/\/familienhoerbuch.de\/en\/wp-json\/wp\/v2\/tags?post=4591"}],"curies":[{"name":"wp","href":"https:\/\/api.w.org\/{rel}","templated":true}]}}