{"id":4580,"date":"2023-07-12T10:53:37","date_gmt":"2023-07-12T09:53:37","guid":{"rendered":"https:\/\/familienhoerbuch.de\/?p=4580"},"modified":"2026-04-28T16:08:40","modified_gmt":"2026-04-28T14:08:40","slug":"familienhoerbuch-damit-die-stimme-bleibt","status":"publish","type":"post","link":"https:\/\/familienhoerbuch.de\/en\/familienhoerbuch-damit-die-stimme-bleibt\/","title":{"rendered":"Familienh\u00f6rbuch \u2013 damit die Stimme bleibt!"},"content":{"rendered":"<p>03.07.2023, Online Magazin Barrierefrei: Das Online Magazin berichtet \u00fcber die Lebensgeschichte, die schwerkranke Menschen als digitale Erinnerung f\u00fcr ihre minderj\u00e4hrigen Kinder hinterlassen. In der Rubrik &#8222;Lebenswege&#8220; wird das Projekt Familienh\u00f6rbuch erw\u00e4hnt und \u00fcber die Entstehung berichtet. Vom Herzensprojekt von Judith Gr\u00fcmmer zum gemeinn\u00fctzigen Unternehmen. Zum Artikel&#8230;<\/p>\n\n\n\n<p><\/p>\n\n\n\n<p><a rel=\"noreferrer noopener\" href=\"https:\/\/barrierefrei-magazin.de\/artikel\/familienhoerbuch\/\" target=\"_blank\">https:\/\/barrierefrei-magazin.de\/artikel\/familienhoerbuch\/<\/a><\/p>","protected":false},"excerpt":{"rendered":"<p>03.07.2023, Online Magazin Barrierefrei: Das Online Magazin berichtet \u00fcber die Lebensgeschichte, die schwerkranke Menschen als digitale Erinnerung f\u00fcr ihre minderj\u00e4hrigen Kinder hinterlassen. In der Rubrik &#8222;Lebenswege&#8220; wird das Projekt Familienh\u00f6rbuch erw\u00e4hnt und \u00fcber die Entstehung berichtet. Vom Herzensprojekt von Judith Gr\u00fcmmer zum gemeinn\u00fctzigen Unternehmen. Zum Artikel&#8230; https:\/\/barrierefrei-magazin.de\/artikel\/familienhoerbuch\/<\/p>","protected":false},"author":3,"featured_media":4581,"comment_status":"closed","ping_status":"open","sticky":false,"template":"","format":"standard","meta":{"_acf_changed":false,"footnotes":""},"categories":[13,113],"tags":[],"class_list":["post-4580","post","type-post","status-publish","format-standard","has-post-thumbnail","hentry","category-archiv","category-print-digital"],"acf":[],"_links":{"self":[{"href":"https:\/\/familienhoerbuch.de\/en\/wp-json\/wp\/v2\/posts\/4580","targetHints":{"allow":["GET"]}}],"collection":[{"href":"https:\/\/familienhoerbuch.de\/en\/wp-json\/wp\/v2\/posts"}],"about":[{"href":"https:\/\/familienhoerbuch.de\/en\/wp-json\/wp\/v2\/types\/post"}],"author":[{"embeddable":true,"href":"https:\/\/familienhoerbuch.de\/en\/wp-json\/wp\/v2\/users\/3"}],"replies":[{"embeddable":true,"href":"https:\/\/familienhoerbuch.de\/en\/wp-json\/wp\/v2\/comments?post=4580"}],"version-history":[{"count":1,"href":"https:\/\/familienhoerbuch.de\/en\/wp-json\/wp\/v2\/posts\/4580\/revisions"}],"predecessor-version":[{"id":15195,"href":"https:\/\/familienhoerbuch.de\/en\/wp-json\/wp\/v2\/posts\/4580\/revisions\/15195"}],"wp:featuredmedia":[{"embeddable":true,"href":"https:\/\/familienhoerbuch.de\/en\/wp-json\/wp\/v2\/media\/4581"}],"wp:attachment":[{"href":"https:\/\/familienhoerbuch.de\/en\/wp-json\/wp\/v2\/media?parent=4580"}],"wp:term":[{"taxonomy":"category","embeddable":true,"href":"https:\/\/familienhoerbuch.de\/en\/wp-json\/wp\/v2\/categories?post=4580"},{"taxonomy":"post_tag","embeddable":true,"href":"https:\/\/familienhoerbuch.de\/en\/wp-json\/wp\/v2\/tags?post=4580"}],"curies":[{"name":"wp","href":"https:\/\/api.w.org\/{rel}","templated":true}]}}