{"id":4517,"date":"2023-06-28T07:58:26","date_gmt":"2023-06-28T06:58:26","guid":{"rendered":"https:\/\/familienhoerbuch.de\/?p=4517"},"modified":"2026-04-28T16:08:40","modified_gmt":"2026-04-28T14:08:40","slug":"zdf-37-grad-leben-dokumentation","status":"publish","type":"post","link":"https:\/\/familienhoerbuch.de\/en\/zdf-37-grad-leben-dokumentation\/","title":{"rendered":"ZDF 37 Grad Leben Dokumentation"},"content":{"rendered":"<p>18.06.2023, Ingeborg R\u00fcthers: Mamas Stimme lebt. In der Reportage kommen Steffi, eine Projektteilnehmerin zu Wort und gibt uns Einblicke in das Interview f\u00fcr ihr H\u00f6rbuch. Pauline war gerade erst 9 Jahre alt, als ihre Mama starb. Heute ist Pauline 17 und erz\u00e4hlt aus ihrem Leben mit einem Familienh\u00f6rbuch\u2026.<\/p>\n\n\n\n<p><a href=\"https:\/\/www.zdf.de\/dokumentation\/37-grad-leben\/mamas-stimme-lebt-102.html\" target=\"_blank\" rel=\"noreferrer noopener\">https:\/\/www.zdf.de\/dokumentation\/37-grad-leben\/mamas-stimme-lebt-102.html<\/a><\/p>","protected":false},"excerpt":{"rendered":"<p>18.06.2023, Ingeborg R\u00fcthers: Mamas Stimme lebt. In der Reportage kommen Steffi, eine Projektteilnehmerin zu Wort und gibt uns Einblicke in das Interview f\u00fcr ihr H\u00f6rbuch. Pauline war gerade erst 9 Jahre alt, als ihre Mama starb. Heute ist Pauline 17 und erz\u00e4hlt aus ihrem Leben mit einem Familienh\u00f6rbuch\u2026. https:\/\/www.zdf.de\/dokumentation\/37-grad-leben\/mamas-stimme-lebt-102.html<\/p>","protected":false},"author":3,"featured_media":4518,"comment_status":"closed","ping_status":"open","sticky":false,"template":"","format":"standard","meta":{"_acf_changed":false,"footnotes":""},"categories":[13,112],"tags":[],"class_list":["post-4517","post","type-post","status-publish","format-standard","has-post-thumbnail","hentry","category-archiv","category-tv-archiv"],"acf":[],"_links":{"self":[{"href":"https:\/\/familienhoerbuch.de\/en\/wp-json\/wp\/v2\/posts\/4517","targetHints":{"allow":["GET"]}}],"collection":[{"href":"https:\/\/familienhoerbuch.de\/en\/wp-json\/wp\/v2\/posts"}],"about":[{"href":"https:\/\/familienhoerbuch.de\/en\/wp-json\/wp\/v2\/types\/post"}],"author":[{"embeddable":true,"href":"https:\/\/familienhoerbuch.de\/en\/wp-json\/wp\/v2\/users\/3"}],"replies":[{"embeddable":true,"href":"https:\/\/familienhoerbuch.de\/en\/wp-json\/wp\/v2\/comments?post=4517"}],"version-history":[{"count":1,"href":"https:\/\/familienhoerbuch.de\/en\/wp-json\/wp\/v2\/posts\/4517\/revisions"}],"predecessor-version":[{"id":15197,"href":"https:\/\/familienhoerbuch.de\/en\/wp-json\/wp\/v2\/posts\/4517\/revisions\/15197"}],"wp:featuredmedia":[{"embeddable":true,"href":"https:\/\/familienhoerbuch.de\/en\/wp-json\/wp\/v2\/media\/4518"}],"wp:attachment":[{"href":"https:\/\/familienhoerbuch.de\/en\/wp-json\/wp\/v2\/media?parent=4517"}],"wp:term":[{"taxonomy":"category","embeddable":true,"href":"https:\/\/familienhoerbuch.de\/en\/wp-json\/wp\/v2\/categories?post=4517"},{"taxonomy":"post_tag","embeddable":true,"href":"https:\/\/familienhoerbuch.de\/en\/wp-json\/wp\/v2\/tags?post=4517"}],"curies":[{"name":"wp","href":"https:\/\/api.w.org\/{rel}","templated":true}]}}