{"id":4512,"date":"2023-06-28T07:56:39","date_gmt":"2023-06-28T06:56:39","guid":{"rendered":"https:\/\/familienhoerbuch.de\/?p=4512"},"modified":"2026-04-28T16:08:40","modified_gmt":"2026-04-28T14:08:40","slug":"verleihung-des-zugabe-preises-an-judith-gruemmer","status":"publish","type":"post","link":"https:\/\/familienhoerbuch.de\/en\/verleihung-des-zugabe-preises-an-judith-gruemmer\/","title":{"rendered":"Verleihung des Zugabe-Preises an Judith Gr\u00fcmmer"},"content":{"rendered":"<p>15.06.2023, Hamburg: Verleihung des Zugabe-Preises an Judith Gr\u00fcmmer. Die Kr\u00f6ber Stiftung ehrt mit diesem Preis Gr\u00fcnder und Gr\u00fcnderinnen, die den Mut und den Drive haben mit \u00fcber 60 Jahren noch ein eigenes Unternehmen zu gr\u00fcnden. Dies wurde nun geb\u00fchrend mit einem Gala-Abend in Hamburg geehrt und belohnt\u2026.       <\/p>\n\n\n\n<p><\/p>\n\n\n\n<p><a href=\"https:\/\/koerber-stiftung.de\/presse\/mitteilungen\/sozialunternehmer-innen-erhalten-zugabe-preis-fuer-innovative-loesungen\/\" target=\"_blank\" rel=\"noreferrer noopener\">https:\/\/koerber-stiftung.de\/presse\/mitteilungen\/sozialunternehmer-innen-erhalten-zugabe-preis-fuer-innovative-loesungen\/<\/a><\/p>\n\n\n\n<figure class=\"wp-block-image size-large\"><img fetchpriority=\"high\" decoding=\"async\" width=\"1024\" height=\"683\" src=\"https:\/\/familienhoerbuch.de\/wp-content\/uploads\/2023\/06\/230615_ZUGABE_PVL_266-1024x683.jpg\" alt=\"\" class=\"wp-image-4513\" srcset=\"https:\/\/familienhoerbuch.de\/wp-content\/uploads\/2023\/06\/230615_ZUGABE_PVL_266-1024x683.jpg 1024w, https:\/\/familienhoerbuch.de\/wp-content\/uploads\/2023\/06\/230615_ZUGABE_PVL_266-300x200.jpg 300w, https:\/\/familienhoerbuch.de\/wp-content\/uploads\/2023\/06\/230615_ZUGABE_PVL_266-768x512.jpg 768w, https:\/\/familienhoerbuch.de\/wp-content\/uploads\/2023\/06\/230615_ZUGABE_PVL_266.jpg 1200w\" sizes=\"(max-width: 1024px) 100vw, 1024px\" \/><\/figure>\n\n\n\n<div style=\"height:30px\" aria-hidden=\"true\" class=\"wp-block-spacer\"><\/div>\n\n\n\n<p>Verleihung des Zugabe-Preises im LichtwarkTheater, 2023.<br>Inka Schneider, Journalistin, Fernsehmoderatorin und Moderatorin der Zugabe- Preisverleihung, Dr. Titus Bahner, Preistra\u0308ger \u201eKulturland-Genossenschaft\u201c, Judith Gru\u0308mmer, Preistra\u0308gerin \u201eFamilienho\u0308rbuch gGmbH\u201c, Dr. Frank Hoffmann, Preistra\u0308ger \u201ediscovering hands gUG\u201c, Pe Werner, Sa\u0308ngerin und Komponistin, und Dr. Lothar Dittmer, Vorsitzender des Vorstands der Ko\u0308rber-Stiftung.<br>Foto: Claudia Ho\u0308hne<\/p>","protected":false},"excerpt":{"rendered":"<p>15.06.2023, Hamburg: Verleihung des Zugabe-Preises an Judith Gr\u00fcmmer. Die Kr\u00f6ber Stiftung ehrt mit diesem Preis Gr\u00fcnder und Gr\u00fcnderinnen, die den Mut und den Drive haben mit \u00fcber 60 Jahren noch ein eigenes Unternehmen zu gr\u00fcnden. Dies wurde nun geb\u00fchrend mit einem Gala-Abend in Hamburg geehrt und belohnt\u2026. https:\/\/koerber-stiftung.de\/presse\/mitteilungen\/sozialunternehmer-innen-erhalten-zugabe-preis-fuer-innovative-loesungen\/ Verleihung des Zugabe-Preises im LichtwarkTheater, 2023.Inka Schneider, [&hellip;]<\/p>","protected":false},"author":3,"featured_media":6692,"comment_status":"closed","ping_status":"open","sticky":false,"template":"","format":"standard","meta":{"_acf_changed":false,"footnotes":""},"categories":[13,207],"tags":[],"class_list":["post-4512","post","type-post","status-publish","format-standard","has-post-thumbnail","hentry","category-archiv","category-nominierungen-auszeichnungen"],"acf":[],"_links":{"self":[{"href":"https:\/\/familienhoerbuch.de\/en\/wp-json\/wp\/v2\/posts\/4512","targetHints":{"allow":["GET"]}}],"collection":[{"href":"https:\/\/familienhoerbuch.de\/en\/wp-json\/wp\/v2\/posts"}],"about":[{"href":"https:\/\/familienhoerbuch.de\/en\/wp-json\/wp\/v2\/types\/post"}],"author":[{"embeddable":true,"href":"https:\/\/familienhoerbuch.de\/en\/wp-json\/wp\/v2\/users\/3"}],"replies":[{"embeddable":true,"href":"https:\/\/familienhoerbuch.de\/en\/wp-json\/wp\/v2\/comments?post=4512"}],"version-history":[{"count":1,"href":"https:\/\/familienhoerbuch.de\/en\/wp-json\/wp\/v2\/posts\/4512\/revisions"}],"predecessor-version":[{"id":15199,"href":"https:\/\/familienhoerbuch.de\/en\/wp-json\/wp\/v2\/posts\/4512\/revisions\/15199"}],"wp:featuredmedia":[{"embeddable":true,"href":"https:\/\/familienhoerbuch.de\/en\/wp-json\/wp\/v2\/media\/6692"}],"wp:attachment":[{"href":"https:\/\/familienhoerbuch.de\/en\/wp-json\/wp\/v2\/media?parent=4512"}],"wp:term":[{"taxonomy":"category","embeddable":true,"href":"https:\/\/familienhoerbuch.de\/en\/wp-json\/wp\/v2\/categories?post=4512"},{"taxonomy":"post_tag","embeddable":true,"href":"https:\/\/familienhoerbuch.de\/en\/wp-json\/wp\/v2\/tags?post=4512"}],"curies":[{"name":"wp","href":"https:\/\/api.w.org\/{rel}","templated":true}]}}