{"id":4509,"date":"2023-06-28T07:57:27","date_gmt":"2023-06-28T06:57:27","guid":{"rendered":"https:\/\/familienhoerbuch.de\/?p=4509"},"modified":"2026-04-28T16:08:40","modified_gmt":"2026-04-28T14:08:40","slug":"bericht-in-den-stuttgarter-nachrichten","status":"publish","type":"post","link":"https:\/\/familienhoerbuch.de\/en\/bericht-in-den-stuttgarter-nachrichten\/","title":{"rendered":"Bericht in den Stuttgarter Nachrichten"},"content":{"rendered":"<p>20.06.2023, Marlen St\u00f6hr: Wenn Eltern sterben \u2013 ein H\u00f6rbuch als Verm\u00e4chtnis. Nadja Seipel ist todkrank. Wenn sie stirbt, hinterl\u00e4sst sie eine minderj\u00e4hrige Tochter. In einem H\u00f6rbuch erz\u00e4hlt sie ihrem Kind von all den Momenten, an die es sich zu erinnern lohnt. Mit dem Familienh\u00f6rbuch hat die Journalistin Judith Gr\u00fcmmer ein Projekt ins Leben gerufen, das M\u00fcttern und V\u00e4tern mit einer t\u00f6dlichen Krankheit die M\u00f6glichkeit gibt, spendenfinanzierte H\u00f6rb\u00fccher f\u00fcr ihre minderj\u00e4hrigen Kinder aufzunehmen\u2026..<\/p>\n\n\n\n<p><a href=\"https:\/\/www.stuttgarter-nachrichten.de\/inhalt.wenn-eltern-sterben-ein-hoerbuch-als-vermaechtnis.b84c62ae-d875-4d8a-afa8-74a25835b3fe.html\" target=\"_blank\" rel=\"noreferrer noopener\">https:\/\/www.stuttgarter-nachrichten.de\/inhalt.wenn-eltern-sterben-ein-hoerbuch-als-vermaechtnis.b84c62ae-d875-4d8a-afa8-74a25835b3fe.html<\/a><\/p>","protected":false},"excerpt":{"rendered":"<p>20.06.2023, Marlen St\u00f6hr: Wenn Eltern sterben \u2013 ein H\u00f6rbuch als Verm\u00e4chtnis. Nadja Seipel ist todkrank. Wenn sie stirbt, hinterl\u00e4sst sie eine minderj\u00e4hrige Tochter. In einem H\u00f6rbuch erz\u00e4hlt sie ihrem Kind von all den Momenten, an die es sich zu erinnern lohnt. Mit dem Familienh\u00f6rbuch hat die Journalistin Judith Gr\u00fcmmer ein Projekt ins Leben gerufen, das [&hellip;]<\/p>","protected":false},"author":3,"featured_media":4510,"comment_status":"closed","ping_status":"open","sticky":false,"template":"","format":"standard","meta":{"_acf_changed":false,"footnotes":""},"categories":[13,113],"tags":[],"class_list":["post-4509","post","type-post","status-publish","format-standard","has-post-thumbnail","hentry","category-archiv","category-print-digital"],"acf":[],"_links":{"self":[{"href":"https:\/\/familienhoerbuch.de\/en\/wp-json\/wp\/v2\/posts\/4509","targetHints":{"allow":["GET"]}}],"collection":[{"href":"https:\/\/familienhoerbuch.de\/en\/wp-json\/wp\/v2\/posts"}],"about":[{"href":"https:\/\/familienhoerbuch.de\/en\/wp-json\/wp\/v2\/types\/post"}],"author":[{"embeddable":true,"href":"https:\/\/familienhoerbuch.de\/en\/wp-json\/wp\/v2\/users\/3"}],"replies":[{"embeddable":true,"href":"https:\/\/familienhoerbuch.de\/en\/wp-json\/wp\/v2\/comments?post=4509"}],"version-history":[{"count":1,"href":"https:\/\/familienhoerbuch.de\/en\/wp-json\/wp\/v2\/posts\/4509\/revisions"}],"predecessor-version":[{"id":15198,"href":"https:\/\/familienhoerbuch.de\/en\/wp-json\/wp\/v2\/posts\/4509\/revisions\/15198"}],"wp:featuredmedia":[{"embeddable":true,"href":"https:\/\/familienhoerbuch.de\/en\/wp-json\/wp\/v2\/media\/4510"}],"wp:attachment":[{"href":"https:\/\/familienhoerbuch.de\/en\/wp-json\/wp\/v2\/media?parent=4509"}],"wp:term":[{"taxonomy":"category","embeddable":true,"href":"https:\/\/familienhoerbuch.de\/en\/wp-json\/wp\/v2\/categories?post=4509"},{"taxonomy":"post_tag","embeddable":true,"href":"https:\/\/familienhoerbuch.de\/en\/wp-json\/wp\/v2\/tags?post=4509"}],"curies":[{"name":"wp","href":"https:\/\/api.w.org\/{rel}","templated":true}]}}