{"id":4500,"date":"2023-06-14T10:54:27","date_gmt":"2023-06-14T09:54:27","guid":{"rendered":"https:\/\/familienhoerbuch.de\/?p=4500"},"modified":"2026-04-28T16:08:40","modified_gmt":"2026-04-28T14:08:40","slug":"mutmacher-podcast-mit-judith-gruemmer","status":"publish","type":"post","link":"https:\/\/familienhoerbuch.de\/en\/mutmacher-podcast-mit-judith-gruemmer\/","title":{"rendered":"Mutmacher Podcast mit Judith Gr\u00fcmmer"},"content":{"rendered":"<p>Krebs als zweite Chance- Der Mutmacher Podcast mit Kendra Zwiefka, Juni 2023:<\/p>\n\n\n\n<p>Mutmacher Gespr\u00e4ch Folge 115 mit Judith Gr\u00fcmmer, Gr\u00fcnderin von Das Familienh\u00f6rbuch.<\/p>\n\n\n\n<p><a href=\"https:\/\/www.podcast.de\/episode\/608331938\/mutmacher-gespraech-folge-115-mit-judith-gruemmer-gruenderin-vom-das-familienhoerbuch\" target=\"_blank\" rel=\"noreferrer noopener\">Mutmacher Gespr\u00e4ch Folge 115 mit Judith Gr\u00fcmmer Gr\u00fcnderin vom Das Familienh\u00f6rbuch ~ Krebs als zweite Chance- Der Mutmacher Podcast<\/a><\/p>","protected":false},"excerpt":{"rendered":"<p>Krebs als zweite Chance- Der Mutmacher Podcast mit Kendra Zwiefka, Juni 2023: Mutmacher Gespr\u00e4ch Folge 115 mit Judith Gr\u00fcmmer, Gr\u00fcnderin von Das Familienh\u00f6rbuch. Mutmacher Gespr\u00e4ch Folge 115 mit Judith Gr\u00fcmmer Gr\u00fcnderin vom Das Familienh\u00f6rbuch ~ Krebs als zweite Chance- Der Mutmacher Podcast<\/p>","protected":false},"author":3,"featured_media":6692,"comment_status":"closed","ping_status":"open","sticky":false,"template":"","format":"standard","meta":{"_acf_changed":false,"footnotes":""},"categories":[13,114],"tags":[],"class_list":["post-4500","post","type-post","status-publish","format-standard","has-post-thumbnail","hentry","category-archiv","category-podcast"],"acf":[],"_links":{"self":[{"href":"https:\/\/familienhoerbuch.de\/en\/wp-json\/wp\/v2\/posts\/4500","targetHints":{"allow":["GET"]}}],"collection":[{"href":"https:\/\/familienhoerbuch.de\/en\/wp-json\/wp\/v2\/posts"}],"about":[{"href":"https:\/\/familienhoerbuch.de\/en\/wp-json\/wp\/v2\/types\/post"}],"author":[{"embeddable":true,"href":"https:\/\/familienhoerbuch.de\/en\/wp-json\/wp\/v2\/users\/3"}],"replies":[{"embeddable":true,"href":"https:\/\/familienhoerbuch.de\/en\/wp-json\/wp\/v2\/comments?post=4500"}],"version-history":[{"count":1,"href":"https:\/\/familienhoerbuch.de\/en\/wp-json\/wp\/v2\/posts\/4500\/revisions"}],"predecessor-version":[{"id":15200,"href":"https:\/\/familienhoerbuch.de\/en\/wp-json\/wp\/v2\/posts\/4500\/revisions\/15200"}],"wp:featuredmedia":[{"embeddable":true,"href":"https:\/\/familienhoerbuch.de\/en\/wp-json\/wp\/v2\/media\/6692"}],"wp:attachment":[{"href":"https:\/\/familienhoerbuch.de\/en\/wp-json\/wp\/v2\/media?parent=4500"}],"wp:term":[{"taxonomy":"category","embeddable":true,"href":"https:\/\/familienhoerbuch.de\/en\/wp-json\/wp\/v2\/categories?post=4500"},{"taxonomy":"post_tag","embeddable":true,"href":"https:\/\/familienhoerbuch.de\/en\/wp-json\/wp\/v2\/tags?post=4500"}],"curies":[{"name":"wp","href":"https:\/\/api.w.org\/{rel}","templated":true}]}}