{"id":4454,"date":"2023-05-03T10:49:06","date_gmt":"2023-05-03T09:49:06","guid":{"rendered":"https:\/\/familienhoerbuch.de\/?p=4454"},"modified":"2026-04-28T16:08:25","modified_gmt":"2026-04-28T14:08:25","slug":"30-04-2023-private-spendensammlung-fuer-das-familienhoerbuch","status":"publish","type":"post","link":"https:\/\/familienhoerbuch.de\/en\/30-04-2023-private-spendensammlung-fuer-das-familienhoerbuch\/","title":{"rendered":"Private Spendensammlung f\u00fcr das Familienh\u00f6rbuch"},"content":{"rendered":"<p>30.04.2023 &#8211; Die Gesch\u00e4ftsf\u00fchrerin Sabine Fiedler konnte am Feiertagswochenende eine Spende aus einer privat organisierten Spendenaktion entgegennehmen. Gegenkommen waren der Ehemann und die beiden S\u00f6hne einer Projektteilnehmerin, die ein Familienh\u00f6rbuch aufgenommen hat und Anfang April 2023 verstarb. Ihr Wunsch war es, anstatt Kr\u00e4nze und Blumen f\u00fcr die Trauerfeier Geld f\u00fcr das Familienh\u00f6rbuch zu spenden. Ein Spendenaufruf in der Traueranzeige, die Spendenbox bei der Trauerfeier und viel pers\u00f6nliche Anteilnahme brachten die sagenhafte Summe von 9.000 Euro zusammen. Durch solche Aktionen und so viel Engagement f\u00fcr das Familienh\u00f6rbuch ist es uns m\u00f6glich, auch weiterhin zu 100 % aus Spenden finanzierte H\u00f6rb\u00fccher f\u00fcr lebensverk\u00fcrzt erkrankte Eltern mit minderj\u00e4hrigen Kindern zu erstellen. Ganz herzlichen Dank an die Familie und nat\u00fcrlich auch an alle anderen, die mit ihren Spenden die Familienh\u00f6rbuch gGmbH unterst\u00fctzen!<\/p>\n\n\n\n<figure class=\"wp-block-image size-large\"><img fetchpriority=\"high\" decoding=\"async\" width=\"771\" height=\"1024\" src=\"https:\/\/familienhoerbuch.de\/wp-content\/uploads\/2023\/05\/Uebergabe-Foto-2-771x1024.jpg\" alt=\"\" class=\"wp-image-4456\" srcset=\"https:\/\/familienhoerbuch.de\/wp-content\/uploads\/2023\/05\/Uebergabe-Foto-2-771x1024.jpg 771w, https:\/\/familienhoerbuch.de\/wp-content\/uploads\/2023\/05\/Uebergabe-Foto-2-226x300.jpg 226w, https:\/\/familienhoerbuch.de\/wp-content\/uploads\/2023\/05\/Uebergabe-Foto-2-768x1020.jpg 768w, https:\/\/familienhoerbuch.de\/wp-content\/uploads\/2023\/05\/Uebergabe-Foto-2-1157x1536.jpg 1157w, https:\/\/familienhoerbuch.de\/wp-content\/uploads\/2023\/05\/Uebergabe-Foto-2.jpg 1200w\" sizes=\"(max-width: 771px) 100vw, 771px\" \/><\/figure>","protected":false},"excerpt":{"rendered":"<p>30.04.2023 &#8211; Die Gesch\u00e4ftsf\u00fchrerin Sabine Fiedler konnte am Feiertagswochenende eine Spende aus einer privat organisierten Spendenaktion entgegennehmen. Gegenkommen waren der Ehemann und die beiden S\u00f6hne einer Projektteilnehmerin, die ein Familienh\u00f6rbuch aufgenommen hat und Anfang April 2023 verstarb. Ihr Wunsch war es, anstatt Kr\u00e4nze und Blumen f\u00fcr die Trauerfeier Geld f\u00fcr das Familienh\u00f6rbuch zu spenden. Ein [&hellip;]<\/p>","protected":false},"author":3,"featured_media":4455,"comment_status":"closed","ping_status":"open","sticky":false,"template":"","format":"standard","meta":{"_acf_changed":false,"footnotes":""},"categories":[13,115],"tags":[],"class_list":["post-4454","post","type-post","status-publish","format-standard","has-post-thumbnail","hentry","category-archiv","category-spenden"],"acf":[],"_links":{"self":[{"href":"https:\/\/familienhoerbuch.de\/en\/wp-json\/wp\/v2\/posts\/4454","targetHints":{"allow":["GET"]}}],"collection":[{"href":"https:\/\/familienhoerbuch.de\/en\/wp-json\/wp\/v2\/posts"}],"about":[{"href":"https:\/\/familienhoerbuch.de\/en\/wp-json\/wp\/v2\/types\/post"}],"author":[{"embeddable":true,"href":"https:\/\/familienhoerbuch.de\/en\/wp-json\/wp\/v2\/users\/3"}],"replies":[{"embeddable":true,"href":"https:\/\/familienhoerbuch.de\/en\/wp-json\/wp\/v2\/comments?post=4454"}],"version-history":[{"count":1,"href":"https:\/\/familienhoerbuch.de\/en\/wp-json\/wp\/v2\/posts\/4454\/revisions"}],"predecessor-version":[{"id":15163,"href":"https:\/\/familienhoerbuch.de\/en\/wp-json\/wp\/v2\/posts\/4454\/revisions\/15163"}],"wp:featuredmedia":[{"embeddable":true,"href":"https:\/\/familienhoerbuch.de\/en\/wp-json\/wp\/v2\/media\/4455"}],"wp:attachment":[{"href":"https:\/\/familienhoerbuch.de\/en\/wp-json\/wp\/v2\/media?parent=4454"}],"wp:term":[{"taxonomy":"category","embeddable":true,"href":"https:\/\/familienhoerbuch.de\/en\/wp-json\/wp\/v2\/categories?post=4454"},{"taxonomy":"post_tag","embeddable":true,"href":"https:\/\/familienhoerbuch.de\/en\/wp-json\/wp\/v2\/tags?post=4454"}],"curies":[{"name":"wp","href":"https:\/\/api.w.org\/{rel}","templated":true}]}}