{"id":4408,"date":"2023-04-05T14:21:24","date_gmt":"2023-04-05T13:21:24","guid":{"rendered":"https:\/\/familienhoerbuch.de\/?p=4408"},"modified":"2026-04-28T16:08:25","modified_gmt":"2026-04-28T14:08:25","slug":"artikel-bei-infranken-de","status":"publish","type":"post","link":"https:\/\/familienhoerbuch.de\/en\/artikel-bei-infranken-de\/","title":{"rendered":"Artikel bei\u00a0inFranken.de"},"content":{"rendered":"<p>29.03.2023,\u00a0<a href=\"http:\/\/infranken.de\/\" target=\"_blank\" rel=\"noreferrer noopener\">inFranken.de<\/a>, Joachim Tiefenthal: Bei\u00a0<a href=\"http:\/\/infranken.de\/\" target=\"_blank\" rel=\"noreferrer noopener\">inFranken.de<\/a>\u00a0gibt es einen weiteren Artikel \u00fcber die Arbeit der Familienh\u00f6rbuch gGmbH. Wir freuen uns, dass auch regionale Nachrichtenportale \u00fcber uns berichten und den Geist unseres Projekts weitertragen. Wir als Familienh\u00f6rbuch-Team sind in ganz Deutschland im Einsatz und bei Bedarf auch \u00fcber die Landesgrenzen hinaus. Mehr als 450 Kinder haben mittlerweile einen ganz pers\u00f6nlichen H\u00f6rschatz von einem Elternteil erhalten. Spannend: Manche Erz\u00e4hlenden sichern ihre Erinnerungen zumindest in Teilen in mehreren Sprachen und geben damit ein wichtiges St\u00fcck ihrer Identit\u00e4t mit in das H\u00f6rbuch hinein. Bisher konnten wir Aufnahmen in Deutsch, Englisch, Spanisch, Franz\u00f6sisch, \u00d6sterreichisch, Fl\u00e4misch, T\u00fcrkisch, Schweizerdeutsch, Polnisch, Russisch, Chinesisch und Kroatisch sichern.<\/p>\n\n\n\n<p>Hier geht\u00b4s zum Artikel: <br><a href=\"https:\/\/www.infranken.de\/ratgeber\/familie\/eltern\/fuer-muetter-und-vaeter-mit-schweren-erkrankungen-familien-hoerbuch-selbst-gestalten-das-steckt-dahinter-art-5662913?fbclid=IwAR2jWX264dH24Mdonbgg-cG4INZ6pmf3YGmLnQrgvZHccHfk1YDVNsISD4c\" target=\"_blank\" rel=\"noreferrer noopener\">https:\/\/www.infranken.de\/ratgeber\/familie\/eltern\/fuer-muetter-und-vaeter-mit-schweren-erkrankungen-familien-hoerbuch-selbst-gestalten-das-steckt-dahinter-art-5662913?fbclid=IwAR2jWX264dH24Mdonbgg-cG4INZ6pmf3YGmLnQrgvZHccHfk1YDVNsISD4c<\/a><\/p>","protected":false},"excerpt":{"rendered":"<p>29.03.2023,\u00a0inFranken.de, Joachim Tiefenthal: Bei\u00a0inFranken.de\u00a0gibt es einen weiteren Artikel \u00fcber die Arbeit der Familienh\u00f6rbuch gGmbH. Wir freuen uns, dass auch regionale Nachrichtenportale \u00fcber uns berichten und den Geist unseres Projekts weitertragen. Wir als Familienh\u00f6rbuch-Team sind in ganz Deutschland im Einsatz und bei Bedarf auch \u00fcber die Landesgrenzen hinaus. Mehr als 450 Kinder haben mittlerweile einen ganz [&hellip;]<\/p>","protected":false},"author":3,"featured_media":6692,"comment_status":"closed","ping_status":"open","sticky":false,"template":"","format":"standard","meta":{"_acf_changed":false,"footnotes":""},"categories":[13,113],"tags":[],"class_list":["post-4408","post","type-post","status-publish","format-standard","has-post-thumbnail","hentry","category-archiv","category-print-digital"],"acf":[],"_links":{"self":[{"href":"https:\/\/familienhoerbuch.de\/en\/wp-json\/wp\/v2\/posts\/4408","targetHints":{"allow":["GET"]}}],"collection":[{"href":"https:\/\/familienhoerbuch.de\/en\/wp-json\/wp\/v2\/posts"}],"about":[{"href":"https:\/\/familienhoerbuch.de\/en\/wp-json\/wp\/v2\/types\/post"}],"author":[{"embeddable":true,"href":"https:\/\/familienhoerbuch.de\/en\/wp-json\/wp\/v2\/users\/3"}],"replies":[{"embeddable":true,"href":"https:\/\/familienhoerbuch.de\/en\/wp-json\/wp\/v2\/comments?post=4408"}],"version-history":[{"count":1,"href":"https:\/\/familienhoerbuch.de\/en\/wp-json\/wp\/v2\/posts\/4408\/revisions"}],"predecessor-version":[{"id":15166,"href":"https:\/\/familienhoerbuch.de\/en\/wp-json\/wp\/v2\/posts\/4408\/revisions\/15166"}],"wp:featuredmedia":[{"embeddable":true,"href":"https:\/\/familienhoerbuch.de\/en\/wp-json\/wp\/v2\/media\/6692"}],"wp:attachment":[{"href":"https:\/\/familienhoerbuch.de\/en\/wp-json\/wp\/v2\/media?parent=4408"}],"wp:term":[{"taxonomy":"category","embeddable":true,"href":"https:\/\/familienhoerbuch.de\/en\/wp-json\/wp\/v2\/categories?post=4408"},{"taxonomy":"post_tag","embeddable":true,"href":"https:\/\/familienhoerbuch.de\/en\/wp-json\/wp\/v2\/tags?post=4408"}],"curies":[{"name":"wp","href":"https:\/\/api.w.org\/{rel}","templated":true}]}}