{"id":4294,"date":"2023-02-15T11:23:21","date_gmt":"2023-02-15T10:23:21","guid":{"rendered":"https:\/\/familienhoerbuch.de\/?p=4294"},"modified":"2026-04-28T16:08:26","modified_gmt":"2026-04-28T14:08:26","slug":"scheckuebergabe-in-der-bundesgeschaeftsstelle-des-asb","status":"publish","type":"post","link":"https:\/\/familienhoerbuch.de\/en\/scheckuebergabe-in-der-bundesgeschaeftsstelle-des-asb\/","title":{"rendered":"Scheck\u00fcbergabe in der Bundesgesch\u00e4ftsstelle des ASB"},"content":{"rendered":"<p>Mit einem Spendenscheck \u00fcber 900 \u20ac unterst\u00fctzen die Mitarbeiter:innen des ASB Bundesverbandes das Projekt Familienh\u00f6rbuch. Den Scheck an Judith Gr\u00fcmmer \u00fcbergaben Ende Januar in der Bundesgesch\u00e4ftsstelle in K\u00f6ln die Kolleginnen Doris Siebolds (r.) und Bianca Knop (l.). Das Familienh\u00f6rbuch wurde im Rahmen der diesj\u00e4hrigen Spendenaktion \u201eWir helfen \u2013 ein Euro f\u00fcr die gute Sache\u201c ausgew\u00e4hlt. Wir sagen ganz herzlichen Dank daf\u00fcr!<\/p>","protected":false},"excerpt":{"rendered":"<p>Mit einem Spendenscheck \u00fcber 900 \u20ac unterst\u00fctzen die Mitarbeiter:innen des ASB Bundesverbandes das Projekt Familienh\u00f6rbuch. Den Scheck an Judith Gr\u00fcmmer \u00fcbergaben Ende Januar in der Bundesgesch\u00e4ftsstelle in K\u00f6ln die Kolleginnen Doris Siebolds (r.) und Bianca Knop (l.). Das Familienh\u00f6rbuch wurde im Rahmen der diesj\u00e4hrigen Spendenaktion \u201eWir helfen \u2013 ein Euro f\u00fcr die gute Sache\u201c ausgew\u00e4hlt. [&hellip;]<\/p>","protected":false},"author":3,"featured_media":4295,"comment_status":"closed","ping_status":"open","sticky":false,"template":"","format":"standard","meta":{"_acf_changed":false,"footnotes":""},"categories":[13,115],"tags":[],"class_list":["post-4294","post","type-post","status-publish","format-standard","has-post-thumbnail","hentry","category-archiv","category-spenden"],"acf":[],"_links":{"self":[{"href":"https:\/\/familienhoerbuch.de\/en\/wp-json\/wp\/v2\/posts\/4294","targetHints":{"allow":["GET"]}}],"collection":[{"href":"https:\/\/familienhoerbuch.de\/en\/wp-json\/wp\/v2\/posts"}],"about":[{"href":"https:\/\/familienhoerbuch.de\/en\/wp-json\/wp\/v2\/types\/post"}],"author":[{"embeddable":true,"href":"https:\/\/familienhoerbuch.de\/en\/wp-json\/wp\/v2\/users\/3"}],"replies":[{"embeddable":true,"href":"https:\/\/familienhoerbuch.de\/en\/wp-json\/wp\/v2\/comments?post=4294"}],"version-history":[{"count":1,"href":"https:\/\/familienhoerbuch.de\/en\/wp-json\/wp\/v2\/posts\/4294\/revisions"}],"predecessor-version":[{"id":15170,"href":"https:\/\/familienhoerbuch.de\/en\/wp-json\/wp\/v2\/posts\/4294\/revisions\/15170"}],"wp:featuredmedia":[{"embeddable":true,"href":"https:\/\/familienhoerbuch.de\/en\/wp-json\/wp\/v2\/media\/4295"}],"wp:attachment":[{"href":"https:\/\/familienhoerbuch.de\/en\/wp-json\/wp\/v2\/media?parent=4294"}],"wp:term":[{"taxonomy":"category","embeddable":true,"href":"https:\/\/familienhoerbuch.de\/en\/wp-json\/wp\/v2\/categories?post=4294"},{"taxonomy":"post_tag","embeddable":true,"href":"https:\/\/familienhoerbuch.de\/en\/wp-json\/wp\/v2\/tags?post=4294"}],"curies":[{"name":"wp","href":"https:\/\/api.w.org\/{rel}","templated":true}]}}