{"id":4273,"date":"2023-02-08T11:19:46","date_gmt":"2023-02-08T10:19:46","guid":{"rendered":"https:\/\/familienhoerbuch.de\/?p=4273"},"modified":"2026-04-28T16:08:26","modified_gmt":"2026-04-28T14:08:26","slug":"swr-aktuell-bw","status":"publish","type":"post","link":"https:\/\/familienhoerbuch.de\/en\/swr-aktuell-bw\/","title":{"rendered":"SWR Aktuell BW"},"content":{"rendered":"<p>04.02.2023, SWR Aktuell BW, Sabrina Mann: <br>In dem Beitrag des SWR BW wird eine Projektteilnehmerin bei den Aufnahmen ihres Familienh\u00f6rbuchs begleitet. Sie erz\u00e4hlt ihre eigene Geschichte und ihre Gedanken zum Familienh\u00f6rbuch. Claudia Rometsch, die Familienh\u00f6rbuch-Audiobiografin, f\u00fchrt das Interview und zeichnet die Lebensgeschichte auf. Mit diesem Bericht bekommt man einen sehr guten Einblick in die Arbeit der Audiobiografen und die Wirkung des Familienh\u00f6rbuchs f\u00fcr die Projektteilnerh:innen und die Angeh\u00f6rigen. <\/p>\n\n\n\n<p>Sehen Sie den Bericht \u00fcber das Familienh\u00f6rbuch ab Minute 22:16 <br><a rel=\"noreferrer noopener\" href=\"https:\/\/www.swr.de\/swraktuell\/baden-wuerttemberg\/sendung-1930-uhr-vom-422023-100.html\" target=\"_blank\">https:\/\/www.swr.de\/swraktuell\/baden-wuerttemberg\/sendung-1930-uhr-vom-422023-100.html<\/a><\/p>","protected":false},"excerpt":{"rendered":"<p>04.02.2023, SWR Aktuell BW, Sabrina Mann: In dem Beitrag des SWR BW wird eine Projektteilnehmerin bei den Aufnahmen ihres Familienh\u00f6rbuchs begleitet. Sie erz\u00e4hlt ihre eigene Geschichte und ihre Gedanken zum Familienh\u00f6rbuch. Claudia Rometsch, die Familienh\u00f6rbuch-Audiobiografin, f\u00fchrt das Interview und zeichnet die Lebensgeschichte auf. Mit diesem Bericht bekommt man einen sehr guten Einblick in die Arbeit [&hellip;]<\/p>","protected":false},"author":3,"featured_media":4274,"comment_status":"closed","ping_status":"open","sticky":false,"template":"","format":"standard","meta":{"_acf_changed":false,"footnotes":""},"categories":[13,112],"tags":[],"class_list":["post-4273","post","type-post","status-publish","format-standard","has-post-thumbnail","hentry","category-archiv","category-tv-archiv"],"acf":[],"_links":{"self":[{"href":"https:\/\/familienhoerbuch.de\/en\/wp-json\/wp\/v2\/posts\/4273","targetHints":{"allow":["GET"]}}],"collection":[{"href":"https:\/\/familienhoerbuch.de\/en\/wp-json\/wp\/v2\/posts"}],"about":[{"href":"https:\/\/familienhoerbuch.de\/en\/wp-json\/wp\/v2\/types\/post"}],"author":[{"embeddable":true,"href":"https:\/\/familienhoerbuch.de\/en\/wp-json\/wp\/v2\/users\/3"}],"replies":[{"embeddable":true,"href":"https:\/\/familienhoerbuch.de\/en\/wp-json\/wp\/v2\/comments?post=4273"}],"version-history":[{"count":1,"href":"https:\/\/familienhoerbuch.de\/en\/wp-json\/wp\/v2\/posts\/4273\/revisions"}],"predecessor-version":[{"id":15171,"href":"https:\/\/familienhoerbuch.de\/en\/wp-json\/wp\/v2\/posts\/4273\/revisions\/15171"}],"wp:featuredmedia":[{"embeddable":true,"href":"https:\/\/familienhoerbuch.de\/en\/wp-json\/wp\/v2\/media\/4274"}],"wp:attachment":[{"href":"https:\/\/familienhoerbuch.de\/en\/wp-json\/wp\/v2\/media?parent=4273"}],"wp:term":[{"taxonomy":"category","embeddable":true,"href":"https:\/\/familienhoerbuch.de\/en\/wp-json\/wp\/v2\/categories?post=4273"},{"taxonomy":"post_tag","embeddable":true,"href":"https:\/\/familienhoerbuch.de\/en\/wp-json\/wp\/v2\/tags?post=4273"}],"curies":[{"name":"wp","href":"https:\/\/api.w.org\/{rel}","templated":true}]}}