{"id":4270,"date":"2023-02-08T11:18:27","date_gmt":"2023-02-08T10:18:27","guid":{"rendered":"https:\/\/familienhoerbuch.de\/?p=4270"},"modified":"2026-04-28T16:08:26","modified_gmt":"2026-04-28T14:08:26","slug":"b_redet-der-podcasttalk","status":"publish","type":"post","link":"https:\/\/familienhoerbuch.de\/en\/b_redet-der-podcasttalk\/","title":{"rendered":"B_redet Der Podcasttalk"},"content":{"rendered":"<p>02.02.2023, B_redet Der Podcasttalk, Christian Becker: <br>Der Podcastproduzent und Moderator Christian Becker hat Judith Gr\u00fcmmer in einem Podcast zum Familienh\u00f6rbuch befragt. Judith erz\u00e4hlt wie immer mit sehr viel Leidenschaft \u00fcber ihr Herzensprojekt und unsere Arbeit. Christian Becker &#8211; \u201eEin spannendes Projekt \u00fcber das wir heute viel erfahren werden. <br>Es gibt also eine Menge zu &#8222;B reden&#8220;\u2026\u201c<br><a rel=\"noreferrer noopener\" href=\"https:\/\/open.spotify.com\/episode\/7uv8s4oIMIpmITVa2BybFk?si=pSxi4tx9SBKjhN8sNS57kg&amp;nd=1\" target=\"_blank\">https:\/\/open.spotify.com\/episode\/7uv8s4oIMIpmITVa2BybFk?si=pSxi4tx9SBKjhN8sNS57kg&amp;nd=1<\/a><\/p>","protected":false},"excerpt":{"rendered":"<p>02.02.2023, B_redet Der Podcasttalk, Christian Becker: Der Podcastproduzent und Moderator Christian Becker hat Judith Gr\u00fcmmer in einem Podcast zum Familienh\u00f6rbuch befragt. Judith erz\u00e4hlt wie immer mit sehr viel Leidenschaft \u00fcber ihr Herzensprojekt und unsere Arbeit. Christian Becker &#8211; \u201eEin spannendes Projekt \u00fcber das wir heute viel erfahren werden. Es gibt also eine Menge zu &#8222;B [&hellip;]<\/p>","protected":false},"author":3,"featured_media":4271,"comment_status":"closed","ping_status":"open","sticky":false,"template":"","format":"standard","meta":{"_acf_changed":false,"footnotes":""},"categories":[13,114],"tags":[],"class_list":["post-4270","post","type-post","status-publish","format-standard","has-post-thumbnail","hentry","category-archiv","category-podcast"],"acf":[],"_links":{"self":[{"href":"https:\/\/familienhoerbuch.de\/en\/wp-json\/wp\/v2\/posts\/4270","targetHints":{"allow":["GET"]}}],"collection":[{"href":"https:\/\/familienhoerbuch.de\/en\/wp-json\/wp\/v2\/posts"}],"about":[{"href":"https:\/\/familienhoerbuch.de\/en\/wp-json\/wp\/v2\/types\/post"}],"author":[{"embeddable":true,"href":"https:\/\/familienhoerbuch.de\/en\/wp-json\/wp\/v2\/users\/3"}],"replies":[{"embeddable":true,"href":"https:\/\/familienhoerbuch.de\/en\/wp-json\/wp\/v2\/comments?post=4270"}],"version-history":[{"count":1,"href":"https:\/\/familienhoerbuch.de\/en\/wp-json\/wp\/v2\/posts\/4270\/revisions"}],"predecessor-version":[{"id":15172,"href":"https:\/\/familienhoerbuch.de\/en\/wp-json\/wp\/v2\/posts\/4270\/revisions\/15172"}],"wp:featuredmedia":[{"embeddable":true,"href":"https:\/\/familienhoerbuch.de\/en\/wp-json\/wp\/v2\/media\/4271"}],"wp:attachment":[{"href":"https:\/\/familienhoerbuch.de\/en\/wp-json\/wp\/v2\/media?parent=4270"}],"wp:term":[{"taxonomy":"category","embeddable":true,"href":"https:\/\/familienhoerbuch.de\/en\/wp-json\/wp\/v2\/categories?post=4270"},{"taxonomy":"post_tag","embeddable":true,"href":"https:\/\/familienhoerbuch.de\/en\/wp-json\/wp\/v2\/tags?post=4270"}],"curies":[{"name":"wp","href":"https:\/\/api.w.org\/{rel}","templated":true}]}}