{"id":4061,"date":"2022-10-26T10:26:13","date_gmt":"2022-10-26T09:26:13","guid":{"rendered":"https:\/\/familienhoerbuch.de\/?p=4061"},"modified":"2026-04-28T16:08:10","modified_gmt":"2026-04-28T14:08:10","slug":"ndr-beitrag-die-eigene-stimme-als-abschiedsgeschenk","status":"publish","type":"post","link":"https:\/\/familienhoerbuch.de\/en\/ndr-beitrag-die-eigene-stimme-als-abschiedsgeschenk\/","title":{"rendered":"NDR Beitrag \u2013 Die eigene Stimme als Abschiedsgeschenk"},"content":{"rendered":"<p>21.10.2022, NDR Das! G\u00e4ste auf dem roten Sofa:<br>Im Rahmen der Sendung mit Dada Peng auf dem roten Sofa zu Gast bei Bettina Tietjen wurde auch das Familienh\u00f6rbuch als individuelles Angebot f\u00fcr sterbende Menschen erw\u00e4hnt. <a rel=\"noreferrer noopener\" href=\"https:\/\/www.ndr.de\/fernsehen\/sendungen\/das\/DAS-mit-Dada-Peng,dasx30054.html\" target=\"_blank\">https:\/\/www.ndr.de\/fernsehen\/sendungen\/das\/DAS-mit-Dada-Peng,dasx30054.html<\/a> F\u00fcr den Beitrag wurde einer unserer Projektteilnehmer w\u00e4hrend der Aufnahme seines eigenen Familienh\u00f6rbuchs mit der Kamera begleitet. Es wird die wichtige Arbeit einer professionellen Audiobiografin gezeigt, die die Interviews f\u00fcr das H\u00f6rbuch mit dem Teilnehmer f\u00fchrt. Hier geht es direkt zum Beitrag \u00fcber das Familienh\u00f6rbuch: <a rel=\"noreferrer noopener\" href=\"https:\/\/www.ndr.de\/fernsehen\/sendungen\/das\/Familienhoerbuch-Die-eigene-Stimme-als-Abschiedsgeschenk,dasx30060.html\" target=\"_blank\">https:\/\/www.ndr.de\/fernsehen\/sendungen\/das\/Familienhoerbuch-Die-eigene-Stimme-als-Abschiedsgeschenk,dasx30060.html<\/a><\/p>\n\n\n\n<figure class=\"wp-block-image size-large is-resized\"><img fetchpriority=\"high\" decoding=\"async\" src=\"https:\/\/familienhoerbuch.de\/wp-content\/uploads\/2022\/10\/Interview-1024x532.jpg\" alt=\"\" class=\"wp-image-4063\" width=\"768\" height=\"399\" srcset=\"https:\/\/familienhoerbuch.de\/wp-content\/uploads\/2022\/10\/Interview-1024x532.jpg 1024w, https:\/\/familienhoerbuch.de\/wp-content\/uploads\/2022\/10\/Interview-300x156.jpg 300w, https:\/\/familienhoerbuch.de\/wp-content\/uploads\/2022\/10\/Interview-768x399.jpg 768w, https:\/\/familienhoerbuch.de\/wp-content\/uploads\/2022\/10\/Interview.jpg 1200w\" sizes=\"(max-width: 768px) 100vw, 768px\" \/><\/figure>","protected":false},"excerpt":{"rendered":"<p>21.10.2022, NDR Das! G\u00e4ste auf dem roten Sofa:Im Rahmen der Sendung mit Dada Peng auf dem roten Sofa zu Gast bei Bettina Tietjen wurde auch das Familienh\u00f6rbuch als individuelles Angebot f\u00fcr sterbende Menschen erw\u00e4hnt. https:\/\/www.ndr.de\/fernsehen\/sendungen\/das\/DAS-mit-Dada-Peng,dasx30054.html F\u00fcr den Beitrag wurde einer unserer Projektteilnehmer w\u00e4hrend der Aufnahme seines eigenen Familienh\u00f6rbuchs mit der Kamera begleitet. Es wird die [&hellip;]<\/p>","protected":false},"author":3,"featured_media":4062,"comment_status":"closed","ping_status":"open","sticky":false,"template":"","format":"standard","meta":{"_acf_changed":false,"footnotes":""},"categories":[13,112],"tags":[],"class_list":["post-4061","post","type-post","status-publish","format-standard","has-post-thumbnail","hentry","category-archiv","category-tv-archiv"],"acf":[],"_links":{"self":[{"href":"https:\/\/familienhoerbuch.de\/en\/wp-json\/wp\/v2\/posts\/4061","targetHints":{"allow":["GET"]}}],"collection":[{"href":"https:\/\/familienhoerbuch.de\/en\/wp-json\/wp\/v2\/posts"}],"about":[{"href":"https:\/\/familienhoerbuch.de\/en\/wp-json\/wp\/v2\/types\/post"}],"author":[{"embeddable":true,"href":"https:\/\/familienhoerbuch.de\/en\/wp-json\/wp\/v2\/users\/3"}],"replies":[{"embeddable":true,"href":"https:\/\/familienhoerbuch.de\/en\/wp-json\/wp\/v2\/comments?post=4061"}],"version-history":[{"count":1,"href":"https:\/\/familienhoerbuch.de\/en\/wp-json\/wp\/v2\/posts\/4061\/revisions"}],"predecessor-version":[{"id":15143,"href":"https:\/\/familienhoerbuch.de\/en\/wp-json\/wp\/v2\/posts\/4061\/revisions\/15143"}],"wp:featuredmedia":[{"embeddable":true,"href":"https:\/\/familienhoerbuch.de\/en\/wp-json\/wp\/v2\/media\/4062"}],"wp:attachment":[{"href":"https:\/\/familienhoerbuch.de\/en\/wp-json\/wp\/v2\/media?parent=4061"}],"wp:term":[{"taxonomy":"category","embeddable":true,"href":"https:\/\/familienhoerbuch.de\/en\/wp-json\/wp\/v2\/categories?post=4061"},{"taxonomy":"post_tag","embeddable":true,"href":"https:\/\/familienhoerbuch.de\/en\/wp-json\/wp\/v2\/tags?post=4061"}],"curies":[{"name":"wp","href":"https:\/\/api.w.org\/{rel}","templated":true}]}}