{"id":4046,"date":"2022-10-18T11:16:36","date_gmt":"2022-10-18T10:16:36","guid":{"rendered":"https:\/\/familienhoerbuch.de\/?p=4046"},"modified":"2026-04-28T16:08:10","modified_gmt":"2026-04-28T14:08:10","slug":"judith-gruemmer-bei-der-yescon-3-0-in-muenchen","status":"publish","type":"post","link":"https:\/\/familienhoerbuch.de\/en\/judith-gruemmer-bei-der-yescon-3-0-in-muenchen\/","title":{"rendered":"Judith Gr\u00fcmmer bei der YES!CON 3.0 in M\u00fcnchen"},"content":{"rendered":"<p>Am 15.\/16.10.22 fand die YES!CON \u2013 Deutschlands gr\u00f6\u00dfte Krebs-Convention in M\u00fcnchen statt und Judith Gr\u00fcmmer war als Talkgast eingeladen. Zum Thema \u201eDem Tod ins Auge blicken\u201c ging Judith gemeinsam mit Steffen Hallaschka in einen 30 min\u00fctigen Austausch \u2013 zwei Journalisten, keine Moderation, nur eine Sanduhr. Der STERN TV Moderator Steffen Hallaschka produziert aktuell einen Sechsteiler zum Thema Tod und Sterben und war somit ein perfekter Gespr\u00e4chspartner f\u00fcr Judith. \u00dcber diesen <a rel=\"noreferrer noopener\" href=\"https:\/\/www.youtube.com\/watch?v=skaNyIYRrXs\" target=\"_blank\">Link<\/a> gelangen Sie zu dem Interview. Aber auch sonst war die Veranstaltung rundum gelungen und ideal f\u00fcr die Erweiterung unseres Netzwerkes. Viele interessante Gespr\u00e4che wurden gef\u00fchrt und neue Kontakte gekn\u00fcpft. Selbst zwei Teilnehmerinnen, die ein Familienh\u00f6rbuch aufgenommen haben, waren mit dabei.<\/p>\n\n\n\n<p>Das Interview mit Steffen Hallschka und Judith Gr\u00fcmmer finden Sie bei youtube <a href=\"https:\/\/www.youtube.com\/watch?v=skaNyIYRrXs\" target=\"_blank\" rel=\"noreferrer noopener\">https:\/\/www.youtube.com\/watch?v=skaNyIYRrXs <\/a><\/p>\n\n\n\n<figure class=\"wp-block-image size-large is-resized\"><img fetchpriority=\"high\" decoding=\"async\" src=\"https:\/\/familienhoerbuch.de\/wp-content\/uploads\/2022\/10\/IMG_6898-COLLAGE-1024x1024.jpeg\" alt=\"\" class=\"wp-image-4048\" width=\"768\" height=\"768\" srcset=\"https:\/\/familienhoerbuch.de\/wp-content\/uploads\/2022\/10\/IMG_6898-COLLAGE-1024x1024.jpeg 1024w, https:\/\/familienhoerbuch.de\/wp-content\/uploads\/2022\/10\/IMG_6898-COLLAGE-300x300.jpeg 300w, https:\/\/familienhoerbuch.de\/wp-content\/uploads\/2022\/10\/IMG_6898-COLLAGE-150x150.jpeg 150w, https:\/\/familienhoerbuch.de\/wp-content\/uploads\/2022\/10\/IMG_6898-COLLAGE-768x768.jpeg 768w, https:\/\/familienhoerbuch.de\/wp-content\/uploads\/2022\/10\/IMG_6898-COLLAGE-1536x1536.jpeg 1536w, https:\/\/familienhoerbuch.de\/wp-content\/uploads\/2022\/10\/IMG_6898-COLLAGE.jpeg 2047w\" sizes=\"(max-width: 768px) 100vw, 768px\" \/><\/figure>","protected":false},"excerpt":{"rendered":"<p>Am 15.\/16.10.22 fand die YES!CON \u2013 Deutschlands gr\u00f6\u00dfte Krebs-Convention in M\u00fcnchen statt und Judith Gr\u00fcmmer war als Talkgast eingeladen. Zum Thema \u201eDem Tod ins Auge blicken\u201c ging Judith gemeinsam mit Steffen Hallaschka in einen 30 min\u00fctigen Austausch \u2013 zwei Journalisten, keine Moderation, nur eine Sanduhr. Der STERN TV Moderator Steffen Hallaschka produziert aktuell einen Sechsteiler [&hellip;]<\/p>","protected":false},"author":3,"featured_media":4047,"comment_status":"closed","ping_status":"open","sticky":false,"template":"","format":"standard","meta":{"_acf_changed":false,"footnotes":""},"categories":[13,116],"tags":[],"class_list":["post-4046","post","type-post","status-publish","format-standard","has-post-thumbnail","hentry","category-archiv","category-veranstaltungen"],"acf":[],"_links":{"self":[{"href":"https:\/\/familienhoerbuch.de\/en\/wp-json\/wp\/v2\/posts\/4046","targetHints":{"allow":["GET"]}}],"collection":[{"href":"https:\/\/familienhoerbuch.de\/en\/wp-json\/wp\/v2\/posts"}],"about":[{"href":"https:\/\/familienhoerbuch.de\/en\/wp-json\/wp\/v2\/types\/post"}],"author":[{"embeddable":true,"href":"https:\/\/familienhoerbuch.de\/en\/wp-json\/wp\/v2\/users\/3"}],"replies":[{"embeddable":true,"href":"https:\/\/familienhoerbuch.de\/en\/wp-json\/wp\/v2\/comments?post=4046"}],"version-history":[{"count":1,"href":"https:\/\/familienhoerbuch.de\/en\/wp-json\/wp\/v2\/posts\/4046\/revisions"}],"predecessor-version":[{"id":15145,"href":"https:\/\/familienhoerbuch.de\/en\/wp-json\/wp\/v2\/posts\/4046\/revisions\/15145"}],"wp:featuredmedia":[{"embeddable":true,"href":"https:\/\/familienhoerbuch.de\/en\/wp-json\/wp\/v2\/media\/4047"}],"wp:attachment":[{"href":"https:\/\/familienhoerbuch.de\/en\/wp-json\/wp\/v2\/media?parent=4046"}],"wp:term":[{"taxonomy":"category","embeddable":true,"href":"https:\/\/familienhoerbuch.de\/en\/wp-json\/wp\/v2\/categories?post=4046"},{"taxonomy":"post_tag","embeddable":true,"href":"https:\/\/familienhoerbuch.de\/en\/wp-json\/wp\/v2\/tags?post=4046"}],"curies":[{"name":"wp","href":"https:\/\/api.w.org\/{rel}","templated":true}]}}