{"id":4010,"date":"2022-10-05T10:45:11","date_gmt":"2022-10-05T09:45:11","guid":{"rendered":"https:\/\/familienhoerbuch.de\/?p=4010"},"modified":"2026-04-28T16:08:10","modified_gmt":"2026-04-28T14:08:10","slug":"wir-als-aussteller-beim-14-dgp-kongress-in-bremen","status":"publish","type":"post","link":"https:\/\/familienhoerbuch.de\/en\/wir-als-aussteller-beim-14-dgp-kongress-in-bremen\/","title":{"rendered":"Wir als Aussteller beim 14. DGP Kongress in Bremen"},"content":{"rendered":"<p>Judith und Sabine waren vom 29.09. &#8211; 01.10.2022 mit einem Stand als Aussteller beim Deutschen Palliativkongress vertreten. Bereits bestehende Kontakte zu Palliativmedizinern konnten vertieft und neue Kontakte zu SAPV-Teams, Hospizmitarbeiter:inen und Mitarbeiter:innen auf Palliativstationen gekn\u00fcpft werden. F\u00fcr uns sehr wichtige Gespr\u00e4che wurden mit diversen Kinderhospizdiensten gef\u00fchrt, die sich mittlerweile auch auf die Trauerbegleitung von Kindern spezialisieren, deren Eltern unheilbar erkrankt sind. Ebenso besuchte die junge Sterbebegleiterin Johanna Klug den Stand des Familienh\u00f6rbuchs. Sie hat bereits ihr zweites Buch ver\u00f6ffentlicht und berichtet darin \u00fcber ihre Erfahrungen auf der Palliativstation und mit Sterbenden. R\u00fcckblickend k\u00f6nnen wir ein positives Fazit zum Kongress ziehen und bedanken uns bei der DGP f\u00fcr die M\u00f6glichkeit der Teilnahme.<\/p>\n\n\n\n\n\n<figure class=\"wp-block-image size-large\"><img fetchpriority=\"high\" decoding=\"async\" width=\"1024\" height=\"771\" src=\"https:\/\/familienhoerbuch.de\/wp-content\/uploads\/2022\/10\/IMG20220929094447-1024x771.jpg\" alt=\"\" class=\"wp-image-4011\" srcset=\"https:\/\/familienhoerbuch.de\/wp-content\/uploads\/2022\/10\/IMG20220929094447-1024x771.jpg 1024w, https:\/\/familienhoerbuch.de\/wp-content\/uploads\/2022\/10\/IMG20220929094447-300x226.jpg 300w, https:\/\/familienhoerbuch.de\/wp-content\/uploads\/2022\/10\/IMG20220929094447-768x578.jpg 768w, https:\/\/familienhoerbuch.de\/wp-content\/uploads\/2022\/10\/IMG20220929094447.jpg 1200w\" sizes=\"(max-width: 1024px) 100vw, 1024px\" \/><\/figure>\n\n\n\n\n\n<figure class=\"wp-block-image size-large\"><img decoding=\"async\" width=\"771\" height=\"1024\" src=\"https:\/\/familienhoerbuch.de\/wp-content\/uploads\/2022\/10\/IMG20220930173100-771x1024.jpg\" alt=\"\" class=\"wp-image-4012\" srcset=\"https:\/\/familienhoerbuch.de\/wp-content\/uploads\/2022\/10\/IMG20220930173100-771x1024.jpg 771w, https:\/\/familienhoerbuch.de\/wp-content\/uploads\/2022\/10\/IMG20220930173100-226x300.jpg 226w, https:\/\/familienhoerbuch.de\/wp-content\/uploads\/2022\/10\/IMG20220930173100-768x1021.jpg 768w, https:\/\/familienhoerbuch.de\/wp-content\/uploads\/2022\/10\/IMG20220930173100.jpg 903w\" sizes=\"(max-width: 771px) 100vw, 771px\" \/><\/figure>","protected":false},"excerpt":{"rendered":"<p>Judith und Sabine waren vom 29.09. &#8211; 01.10.2022 mit einem Stand als Aussteller beim Deutschen Palliativkongress vertreten. Bereits bestehende Kontakte zu Palliativmedizinern konnten vertieft und neue Kontakte zu SAPV-Teams, Hospizmitarbeiter:inen und Mitarbeiter:innen auf Palliativstationen gekn\u00fcpft werden. F\u00fcr uns sehr wichtige Gespr\u00e4che wurden mit diversen Kinderhospizdiensten gef\u00fchrt, die sich mittlerweile auch auf die Trauerbegleitung von Kindern [&hellip;]<\/p>","protected":false},"author":3,"featured_media":4011,"comment_status":"closed","ping_status":"open","sticky":false,"template":"","format":"standard","meta":{"_acf_changed":false,"footnotes":""},"categories":[13,116],"tags":[],"class_list":["post-4010","post","type-post","status-publish","format-standard","has-post-thumbnail","hentry","category-archiv","category-veranstaltungen"],"acf":[],"_links":{"self":[{"href":"https:\/\/familienhoerbuch.de\/en\/wp-json\/wp\/v2\/posts\/4010","targetHints":{"allow":["GET"]}}],"collection":[{"href":"https:\/\/familienhoerbuch.de\/en\/wp-json\/wp\/v2\/posts"}],"about":[{"href":"https:\/\/familienhoerbuch.de\/en\/wp-json\/wp\/v2\/types\/post"}],"author":[{"embeddable":true,"href":"https:\/\/familienhoerbuch.de\/en\/wp-json\/wp\/v2\/users\/3"}],"replies":[{"embeddable":true,"href":"https:\/\/familienhoerbuch.de\/en\/wp-json\/wp\/v2\/comments?post=4010"}],"version-history":[{"count":1,"href":"https:\/\/familienhoerbuch.de\/en\/wp-json\/wp\/v2\/posts\/4010\/revisions"}],"predecessor-version":[{"id":15147,"href":"https:\/\/familienhoerbuch.de\/en\/wp-json\/wp\/v2\/posts\/4010\/revisions\/15147"}],"wp:featuredmedia":[{"embeddable":true,"href":"https:\/\/familienhoerbuch.de\/en\/wp-json\/wp\/v2\/media\/4011"}],"wp:attachment":[{"href":"https:\/\/familienhoerbuch.de\/en\/wp-json\/wp\/v2\/media?parent=4010"}],"wp:term":[{"taxonomy":"category","embeddable":true,"href":"https:\/\/familienhoerbuch.de\/en\/wp-json\/wp\/v2\/categories?post=4010"},{"taxonomy":"post_tag","embeddable":true,"href":"https:\/\/familienhoerbuch.de\/en\/wp-json\/wp\/v2\/tags?post=4010"}],"curies":[{"name":"wp","href":"https:\/\/api.w.org\/{rel}","templated":true}]}}