{"id":3689,"date":"2022-07-20T11:50:06","date_gmt":"2022-07-20T10:50:06","guid":{"rendered":"https:\/\/familienhoerbuch.de\/?p=3689"},"modified":"2026-04-28T16:08:10","modified_gmt":"2026-04-28T14:08:10","slug":"der-imagefilm-zum-familienhoerbuch-ist-fertig","status":"publish","type":"post","link":"https:\/\/familienhoerbuch.de\/en\/der-imagefilm-zum-familienhoerbuch-ist-fertig\/","title":{"rendered":"Der Imagefilm zum Familienh\u00f6rbuch ist fertig"},"content":{"rendered":"<p>18.07.2022, Filmpremiere: \u00dcber ein Jahr lang haben ehrenamtliche Filmemacher von <a href=\"https:\/\/www.wasgutes.com\/\" target=\"_blank\" rel=\"noreferrer noopener\">Was Gutes e.V.<\/a> das Familienh\u00f6rbuch begleitet und einen Dokumentarfilm erstellt. \u201eSoziales Engagement braucht mediale Pr\u00e4senz, um wirksam zu sein\u201c, sagt Marlene Hirschfeld von \u201eWas Gutes\u201c, ein Verein ehrenamtlicher Kreativer, die mit qualitativ hochwertigen, kurzen Dokumentarfilmen sozial-engagierte Projekte unterst\u00fctzen und vorstellen.<br>Das Familienh\u00f6rbuch wurde als soziales Projekt ausgew\u00e4hlt und von dem Was-Gutes-Team in einer 24-min\u00fctigen Dokumentation portr\u00e4tiert. Die Doku stellt in sensiblen Szenen eine Teilnehmerin aber auch Hinterbliebene vor, vermittelt durch Interviews mit einer Audiobiografin und einem Sounddesigner den Gestaltungsrahmen und die Aufnahmesituation, in der Teilnehmende sprechen und Einfluss auf ihr Werk nehmen k\u00f6nnen. \u00dcberzeugen Sie sich selbst von dieser tollen Arbeit \u2013 ein ganz herzliches Dankesch\u00f6n an das Team von <a href=\"https:\/\/www.wasgutes.com\/\" target=\"_blank\" rel=\"noreferrer noopener\">Was Gutes e.V. <\/a><a rel=\"noreferrer noopener\" href=\"https:\/\/www.youtube.com\/watch?v=GOURDZWf8So\" target=\"_blank\">https:\/\/www.youtube.com\/watch?v=GOURDZWf8So<\/a><\/p>","protected":false},"excerpt":{"rendered":"<p>18.07.2022, Filmpremiere: \u00dcber ein Jahr lang haben ehrenamtliche Filmemacher von Was Gutes e.V. das Familienh\u00f6rbuch begleitet und einen Dokumentarfilm erstellt. \u201eSoziales Engagement braucht mediale Pr\u00e4senz, um wirksam zu sein\u201c, sagt Marlene Hirschfeld von \u201eWas Gutes\u201c, ein Verein ehrenamtlicher Kreativer, die mit qualitativ hochwertigen, kurzen Dokumentarfilmen sozial-engagierte Projekte unterst\u00fctzen und vorstellen.Das Familienh\u00f6rbuch wurde als soziales Projekt [&hellip;]<\/p>","protected":false},"author":3,"featured_media":3578,"comment_status":"closed","ping_status":"open","sticky":false,"template":"","format":"standard","meta":{"_acf_changed":false,"footnotes":""},"categories":[13,118],"tags":[],"class_list":["post-3689","post","type-post","status-publish","format-standard","has-post-thumbnail","hentry","category-archiv","category-netzwerk"],"acf":[],"_links":{"self":[{"href":"https:\/\/familienhoerbuch.de\/en\/wp-json\/wp\/v2\/posts\/3689","targetHints":{"allow":["GET"]}}],"collection":[{"href":"https:\/\/familienhoerbuch.de\/en\/wp-json\/wp\/v2\/posts"}],"about":[{"href":"https:\/\/familienhoerbuch.de\/en\/wp-json\/wp\/v2\/types\/post"}],"author":[{"embeddable":true,"href":"https:\/\/familienhoerbuch.de\/en\/wp-json\/wp\/v2\/users\/3"}],"replies":[{"embeddable":true,"href":"https:\/\/familienhoerbuch.de\/en\/wp-json\/wp\/v2\/comments?post=3689"}],"version-history":[{"count":1,"href":"https:\/\/familienhoerbuch.de\/en\/wp-json\/wp\/v2\/posts\/3689\/revisions"}],"predecessor-version":[{"id":15155,"href":"https:\/\/familienhoerbuch.de\/en\/wp-json\/wp\/v2\/posts\/3689\/revisions\/15155"}],"wp:featuredmedia":[{"embeddable":true,"href":"https:\/\/familienhoerbuch.de\/en\/wp-json\/wp\/v2\/media\/3578"}],"wp:attachment":[{"href":"https:\/\/familienhoerbuch.de\/en\/wp-json\/wp\/v2\/media?parent=3689"}],"wp:term":[{"taxonomy":"category","embeddable":true,"href":"https:\/\/familienhoerbuch.de\/en\/wp-json\/wp\/v2\/categories?post=3689"},{"taxonomy":"post_tag","embeddable":true,"href":"https:\/\/familienhoerbuch.de\/en\/wp-json\/wp\/v2\/tags?post=3689"}],"curies":[{"name":"wp","href":"https:\/\/api.w.org\/{rel}","templated":true}]}}