{"id":3683,"date":"2022-07-20T11:46:26","date_gmt":"2022-07-20T10:46:26","guid":{"rendered":"https:\/\/familienhoerbuch.de\/?p=3683"},"modified":"2026-04-28T16:08:10","modified_gmt":"2026-04-28T14:08:10","slug":"stimme-des-lebens","status":"publish","type":"post","link":"https:\/\/familienhoerbuch.de\/en\/stimme-des-lebens\/","title":{"rendered":"Stimme des Lebens"},"content":{"rendered":"<p>16.07.2022, Rheinpfalz am Sonntag, Sarah Termeer:<br>Bianca Broughton hat Brustkrebs und ihr H\u00f6rbuch gerade fertiggestellt. In der Rheinpfalz am Sonntag berichtet sie \u00fcber ihr Leben, die Diagnose und das Familienh\u00f6rbuch\u2026 <a href=\"https:\/\/familienhoerbuch.de\/wp-content\/uploads\/2022\/07\/Rheinpfalz-am-Sonntag.pdf\" target=\"_blank\" rel=\"noreferrer noopener\">Weiterlesen<\/a><\/p>","protected":false},"excerpt":{"rendered":"<p>16.07.2022, Rheinpfalz am Sonntag, Sarah Termeer:Bianca Broughton hat Brustkrebs und ihr H\u00f6rbuch gerade fertiggestellt. In der Rheinpfalz am Sonntag berichtet sie \u00fcber ihr Leben, die Diagnose und das Familienh\u00f6rbuch\u2026 Weiterlesen<\/p>","protected":false},"author":3,"featured_media":3685,"comment_status":"closed","ping_status":"open","sticky":false,"template":"","format":"standard","meta":{"_acf_changed":false,"footnotes":""},"categories":[13,113],"tags":[],"class_list":["post-3683","post","type-post","status-publish","format-standard","has-post-thumbnail","hentry","category-archiv","category-print-digital"],"acf":[],"_links":{"self":[{"href":"https:\/\/familienhoerbuch.de\/en\/wp-json\/wp\/v2\/posts\/3683","targetHints":{"allow":["GET"]}}],"collection":[{"href":"https:\/\/familienhoerbuch.de\/en\/wp-json\/wp\/v2\/posts"}],"about":[{"href":"https:\/\/familienhoerbuch.de\/en\/wp-json\/wp\/v2\/types\/post"}],"author":[{"embeddable":true,"href":"https:\/\/familienhoerbuch.de\/en\/wp-json\/wp\/v2\/users\/3"}],"replies":[{"embeddable":true,"href":"https:\/\/familienhoerbuch.de\/en\/wp-json\/wp\/v2\/comments?post=3683"}],"version-history":[{"count":1,"href":"https:\/\/familienhoerbuch.de\/en\/wp-json\/wp\/v2\/posts\/3683\/revisions"}],"predecessor-version":[{"id":15156,"href":"https:\/\/familienhoerbuch.de\/en\/wp-json\/wp\/v2\/posts\/3683\/revisions\/15156"}],"wp:featuredmedia":[{"embeddable":true,"href":"https:\/\/familienhoerbuch.de\/en\/wp-json\/wp\/v2\/media\/3685"}],"wp:attachment":[{"href":"https:\/\/familienhoerbuch.de\/en\/wp-json\/wp\/v2\/media?parent=3683"}],"wp:term":[{"taxonomy":"category","embeddable":true,"href":"https:\/\/familienhoerbuch.de\/en\/wp-json\/wp\/v2\/categories?post=3683"},{"taxonomy":"post_tag","embeddable":true,"href":"https:\/\/familienhoerbuch.de\/en\/wp-json\/wp\/v2\/tags?post=3683"}],"curies":[{"name":"wp","href":"https:\/\/api.w.org\/{rel}","templated":true}]}}