{"id":2879,"date":"2022-01-26T11:40:30","date_gmt":"2022-01-26T10:40:30","guid":{"rendered":"https:\/\/familienhoerbuch.de\/?p=2879"},"modified":"2026-04-28T16:07:52","modified_gmt":"2026-04-28T14:07:52","slug":"weil-die-stimme-bleibt","status":"publish","type":"post","link":"https:\/\/familienhoerbuch.de\/en\/weil-die-stimme-bleibt\/","title":{"rendered":"&#8222;Weil die Stimme bleibt&#8220; Rhein-Neckar-Zeitung"},"content":{"rendered":"<p>22.\/23.01.2022, Ute Teubner: Eine t\u00f6dliche Diagnose l\u00e4sst die Zeit knapp werden, um den eigenen Kindern aus dem Leben zu erz\u00e4hlen. Sarah Kraft hat ein \u201eFamilienh\u00f6rbuch\u201c aufgenommen \u2013 damit ihre kleinen T\u00f6chter sp\u00e4ter einmal wissen, wer sie war&#8230; <a rel=\"noreferrer noopener\" href=\"https:\/\/familienhoerbuch.de\/wp-content\/uploads\/2022\/01\/Bericht_RNZ.pdf\" target=\"_blank\">Weiterlesen<\/a><\/p>","protected":false},"excerpt":{"rendered":"<p>22.\/23.01.2022, Ute Teubner: Eine t\u00f6dliche Diagnose l\u00e4sst die Zeit knapp werden, um den eigenen Kindern aus dem Leben zu erz\u00e4hlen. Sarah Kraft hat ein \u201eFamilienh\u00f6rbuch\u201c aufgenommen \u2013 damit ihre kleinen T\u00f6chter sp\u00e4ter einmal wissen, wer sie war&#8230; Weiterlesen<\/p>","protected":false},"author":3,"featured_media":6692,"comment_status":"closed","ping_status":"open","sticky":false,"template":"","format":"standard","meta":{"_acf_changed":false,"footnotes":""},"categories":[13,113],"tags":[],"class_list":["post-2879","post","type-post","status-publish","format-standard","has-post-thumbnail","hentry","category-archiv","category-print-digital"],"acf":[],"_links":{"self":[{"href":"https:\/\/familienhoerbuch.de\/en\/wp-json\/wp\/v2\/posts\/2879","targetHints":{"allow":["GET"]}}],"collection":[{"href":"https:\/\/familienhoerbuch.de\/en\/wp-json\/wp\/v2\/posts"}],"about":[{"href":"https:\/\/familienhoerbuch.de\/en\/wp-json\/wp\/v2\/types\/post"}],"author":[{"embeddable":true,"href":"https:\/\/familienhoerbuch.de\/en\/wp-json\/wp\/v2\/users\/3"}],"replies":[{"embeddable":true,"href":"https:\/\/familienhoerbuch.de\/en\/wp-json\/wp\/v2\/comments?post=2879"}],"version-history":[{"count":1,"href":"https:\/\/familienhoerbuch.de\/en\/wp-json\/wp\/v2\/posts\/2879\/revisions"}],"predecessor-version":[{"id":15131,"href":"https:\/\/familienhoerbuch.de\/en\/wp-json\/wp\/v2\/posts\/2879\/revisions\/15131"}],"wp:featuredmedia":[{"embeddable":true,"href":"https:\/\/familienhoerbuch.de\/en\/wp-json\/wp\/v2\/media\/6692"}],"wp:attachment":[{"href":"https:\/\/familienhoerbuch.de\/en\/wp-json\/wp\/v2\/media?parent=2879"}],"wp:term":[{"taxonomy":"category","embeddable":true,"href":"https:\/\/familienhoerbuch.de\/en\/wp-json\/wp\/v2\/categories?post=2879"},{"taxonomy":"post_tag","embeddable":true,"href":"https:\/\/familienhoerbuch.de\/en\/wp-json\/wp\/v2\/tags?post=2879"}],"curies":[{"name":"wp","href":"https:\/\/api.w.org\/{rel}","templated":true}]}}