{"id":2801,"date":"2021-11-24T10:04:08","date_gmt":"2021-11-24T09:04:08","guid":{"rendered":"https:\/\/familienhoerbuch.de\/?p=2801"},"modified":"2026-04-28T16:07:53","modified_gmt":"2026-04-28T14:07:53","slug":"swr-beitrag-von-mirjam-stoeckel","status":"publish","type":"post","link":"https:\/\/familienhoerbuch.de\/en\/swr-beitrag-von-mirjam-stoeckel\/","title":{"rendered":"SWR-Beitrag von Mirjam St\u00f6ckel"},"content":{"rendered":"<p>22.11.2021, Mirjam St\u00f6ckel: So erleichtern Familienh\u00f6rb\u00fccher die Trauer &#8211; SWR2<br>Ein Elternteil wird unheilbar krank, muss absehbar sterben \u2013 und die Kinder bleiben zur\u00fcck. Seit 2017 gibt es ein Projekt, das den Abschied und die Trauer erleichtern soll \u2013 es entstehen\u2026 <a rel=\"noreferrer noopener\" href=\"https:\/\/www.swr.de\/swr2\/wissen\/so-erleichtern-familienhoerbuecher-die-trauer-100.html\" target=\"_blank\">zum Beitrag<\/a><\/p>\n\n\n\n<p><\/p>","protected":false},"excerpt":{"rendered":"<p>22.11.2021, Mirjam St\u00f6ckel: So erleichtern Familienh\u00f6rb\u00fccher die Trauer &#8211; SWR2Ein Elternteil wird unheilbar krank, muss absehbar sterben \u2013 und die Kinder bleiben zur\u00fcck. Seit 2017 gibt es ein Projekt, das den Abschied und die Trauer erleichtern soll \u2013 es entstehen\u2026 zum Beitrag<\/p>","protected":false},"author":3,"featured_media":2975,"comment_status":"closed","ping_status":"open","sticky":false,"template":"","format":"standard","meta":{"_acf_changed":false,"footnotes":""},"categories":[13,110],"tags":[],"class_list":["post-2801","post","type-post","status-publish","format-standard","has-post-thumbnail","hentry","category-archiv","category-radio"],"acf":[],"_links":{"self":[{"href":"https:\/\/familienhoerbuch.de\/en\/wp-json\/wp\/v2\/posts\/2801","targetHints":{"allow":["GET"]}}],"collection":[{"href":"https:\/\/familienhoerbuch.de\/en\/wp-json\/wp\/v2\/posts"}],"about":[{"href":"https:\/\/familienhoerbuch.de\/en\/wp-json\/wp\/v2\/types\/post"}],"author":[{"embeddable":true,"href":"https:\/\/familienhoerbuch.de\/en\/wp-json\/wp\/v2\/users\/3"}],"replies":[{"embeddable":true,"href":"https:\/\/familienhoerbuch.de\/en\/wp-json\/wp\/v2\/comments?post=2801"}],"version-history":[{"count":1,"href":"https:\/\/familienhoerbuch.de\/en\/wp-json\/wp\/v2\/posts\/2801\/revisions"}],"predecessor-version":[{"id":15136,"href":"https:\/\/familienhoerbuch.de\/en\/wp-json\/wp\/v2\/posts\/2801\/revisions\/15136"}],"wp:featuredmedia":[{"embeddable":true,"href":"https:\/\/familienhoerbuch.de\/en\/wp-json\/wp\/v2\/media\/2975"}],"wp:attachment":[{"href":"https:\/\/familienhoerbuch.de\/en\/wp-json\/wp\/v2\/media?parent=2801"}],"wp:term":[{"taxonomy":"category","embeddable":true,"href":"https:\/\/familienhoerbuch.de\/en\/wp-json\/wp\/v2\/categories?post=2801"},{"taxonomy":"post_tag","embeddable":true,"href":"https:\/\/familienhoerbuch.de\/en\/wp-json\/wp\/v2\/tags?post=2801"}],"curies":[{"name":"wp","href":"https:\/\/api.w.org\/{rel}","templated":true}]}}