{"id":2749,"date":"2021-11-17T09:53:43","date_gmt":"2021-11-17T08:53:43","guid":{"rendered":"https:\/\/familienhoerbuch.de\/?p=2749"},"modified":"2026-04-28T16:07:53","modified_gmt":"2026-04-28T14:07:53","slug":"audiobeitrag-von-deutschlandfunk-kultur","status":"publish","type":"post","link":"https:\/\/familienhoerbuch.de\/en\/audiobeitrag-von-deutschlandfunk-kultur\/","title":{"rendered":"Audiobeitrag von Deutschlandfunk Kultur"},"content":{"rendered":"<p>15.11.2021, Mirjam St\u00f6ckel: Familienh\u00f6rb\u00fccher &#8211; &#8222;Zukunftsgeschenke&#8220; f\u00fcr Hinterbliebene &#8211; Eine t\u00f6dliche Krebsdiagnose l\u00e4sst die Zeit knapp werden, die einem\u00a0bleibt, um den eigenen Kindern aus seinem Leben zu erz\u00e4hlen. Das\u00a0Projekt Familienh\u00f6rb\u00fccher erm\u00f6glicht es Eltern, ihre\u00a0Lebensgeschichte f\u00fcr die heranwachsenden Kinder aufzuzeichnen&#8230; <a rel=\"noreferrer noopener\" href=\"https:\/\/share.deutschlandradio.de\/dlf-audiothek-audio-teilen.html?audio_id=dira_DRK_4aef9e0b\" target=\"_blank\">zum Beitrag<\/a><\/p>\n\n\n\n<p><\/p>","protected":false},"excerpt":{"rendered":"<p>15.11.2021, Mirjam St\u00f6ckel: Familienh\u00f6rb\u00fccher &#8211; &#8222;Zukunftsgeschenke&#8220; f\u00fcr Hinterbliebene &#8211; Eine t\u00f6dliche Krebsdiagnose l\u00e4sst die Zeit knapp werden, die einem\u00a0bleibt, um den eigenen Kindern aus seinem Leben zu erz\u00e4hlen. Das\u00a0Projekt Familienh\u00f6rb\u00fccher erm\u00f6glicht es Eltern, ihre\u00a0Lebensgeschichte f\u00fcr die heranwachsenden Kinder aufzuzeichnen&#8230; zum Beitrag<\/p>","protected":false},"author":3,"featured_media":2976,"comment_status":"closed","ping_status":"open","sticky":false,"template":"","format":"standard","meta":{"_acf_changed":false,"footnotes":""},"categories":[13,110],"tags":[],"class_list":["post-2749","post","type-post","status-publish","format-standard","has-post-thumbnail","hentry","category-archiv","category-radio"],"acf":[],"_links":{"self":[{"href":"https:\/\/familienhoerbuch.de\/en\/wp-json\/wp\/v2\/posts\/2749","targetHints":{"allow":["GET"]}}],"collection":[{"href":"https:\/\/familienhoerbuch.de\/en\/wp-json\/wp\/v2\/posts"}],"about":[{"href":"https:\/\/familienhoerbuch.de\/en\/wp-json\/wp\/v2\/types\/post"}],"author":[{"embeddable":true,"href":"https:\/\/familienhoerbuch.de\/en\/wp-json\/wp\/v2\/users\/3"}],"replies":[{"embeddable":true,"href":"https:\/\/familienhoerbuch.de\/en\/wp-json\/wp\/v2\/comments?post=2749"}],"version-history":[{"count":1,"href":"https:\/\/familienhoerbuch.de\/en\/wp-json\/wp\/v2\/posts\/2749\/revisions"}],"predecessor-version":[{"id":15137,"href":"https:\/\/familienhoerbuch.de\/en\/wp-json\/wp\/v2\/posts\/2749\/revisions\/15137"}],"wp:featuredmedia":[{"embeddable":true,"href":"https:\/\/familienhoerbuch.de\/en\/wp-json\/wp\/v2\/media\/2976"}],"wp:attachment":[{"href":"https:\/\/familienhoerbuch.de\/en\/wp-json\/wp\/v2\/media?parent=2749"}],"wp:term":[{"taxonomy":"category","embeddable":true,"href":"https:\/\/familienhoerbuch.de\/en\/wp-json\/wp\/v2\/categories?post=2749"},{"taxonomy":"post_tag","embeddable":true,"href":"https:\/\/familienhoerbuch.de\/en\/wp-json\/wp\/v2\/tags?post=2749"}],"curies":[{"name":"wp","href":"https:\/\/api.w.org\/{rel}","templated":true}]}}