{"id":2616,"date":"2020-09-23T09:41:00","date_gmt":"2020-09-23T08:41:00","guid":{"rendered":"https:\/\/familienhoerbuch.philognosie.com\/?p=2616"},"modified":"2026-04-28T16:06:49","modified_gmt":"2026-04-28T14:06:49","slug":"podcast-koerber-stiftung","status":"publish","type":"post","link":"https:\/\/familienhoerbuch.de\/en\/podcast-koerber-stiftung\/","title":{"rendered":"PODCAST K\u00d6RBER STIFTUNG"},"content":{"rendered":"<p>Ein Beitrag zum Handlungsfeld \u201aLebendige B\u00fcrgerschaft\u2018 spricht Judith Gr\u00fcmmer \u00fcber ihr gemeinn\u00fctziges Projekt \u201aFamilienh\u00f6rbuch\u2018 f\u00fcr palliativ erkrankte Eltern mit heranwachsenden Kindern. <a rel=\"noreferrer noopener\" href=\"https:\/\/www.koerber-stiftung.de\/mediathek\/das-familienhoerbuch-mit-judith-gruemmer-2028\" target=\"_blank\">https:\/\/www.koerber-stiftung.de\/mediathek\/das-familienhoerbuch-mit-judith-gruemmer-2028<\/a><\/p>","protected":false},"excerpt":{"rendered":"<p>Ein Beitrag zum Handlungsfeld \u201aLebendige B\u00fcrgerschaft\u2018 spricht Judith Gr\u00fcmmer \u00fcber ihr gemeinn\u00fctziges Projekt \u201aFamilienh\u00f6rbuch\u2018 f\u00fcr palliativ erkrankte Eltern mit heranwachsenden Kindern. https:\/\/www.koerber-stiftung.de\/mediathek\/das-familienhoerbuch-mit-judith-gruemmer-2028<\/p>","protected":false},"author":3,"featured_media":6713,"comment_status":"closed","ping_status":"open","sticky":false,"template":"","format":"standard","meta":{"_acf_changed":false,"footnotes":""},"categories":[13,114],"tags":[],"class_list":["post-2616","post","type-post","status-publish","format-standard","has-post-thumbnail","hentry","category-archiv","category-podcast"],"acf":[],"_links":{"self":[{"href":"https:\/\/familienhoerbuch.de\/en\/wp-json\/wp\/v2\/posts\/2616","targetHints":{"allow":["GET"]}}],"collection":[{"href":"https:\/\/familienhoerbuch.de\/en\/wp-json\/wp\/v2\/posts"}],"about":[{"href":"https:\/\/familienhoerbuch.de\/en\/wp-json\/wp\/v2\/types\/post"}],"author":[{"embeddable":true,"href":"https:\/\/familienhoerbuch.de\/en\/wp-json\/wp\/v2\/users\/3"}],"replies":[{"embeddable":true,"href":"https:\/\/familienhoerbuch.de\/en\/wp-json\/wp\/v2\/comments?post=2616"}],"version-history":[{"count":1,"href":"https:\/\/familienhoerbuch.de\/en\/wp-json\/wp\/v2\/posts\/2616\/revisions"}],"predecessor-version":[{"id":15087,"href":"https:\/\/familienhoerbuch.de\/en\/wp-json\/wp\/v2\/posts\/2616\/revisions\/15087"}],"wp:featuredmedia":[{"embeddable":true,"href":"https:\/\/familienhoerbuch.de\/en\/wp-json\/wp\/v2\/media\/6713"}],"wp:attachment":[{"href":"https:\/\/familienhoerbuch.de\/en\/wp-json\/wp\/v2\/media?parent=2616"}],"wp:term":[{"taxonomy":"category","embeddable":true,"href":"https:\/\/familienhoerbuch.de\/en\/wp-json\/wp\/v2\/categories?post=2616"},{"taxonomy":"post_tag","embeddable":true,"href":"https:\/\/familienhoerbuch.de\/en\/wp-json\/wp\/v2\/tags?post=2616"}],"curies":[{"name":"wp","href":"https:\/\/api.w.org\/{rel}","templated":true}]}}