{"id":2609,"date":"2020-09-15T09:31:00","date_gmt":"2020-09-15T08:31:00","guid":{"rendered":"https:\/\/familienhoerbuch.philognosie.com\/?p=2609"},"modified":"2026-04-28T16:06:49","modified_gmt":"2026-04-28T14:06:49","slug":"museum-fuer-sepulkralkultur","status":"publish","type":"post","link":"https:\/\/familienhoerbuch.de\/en\/museum-fuer-sepulkralkultur\/","title":{"rendered":"Museum f\u00fcr Sepulkralkultur"},"content":{"rendered":"<p>Vier Projektteilnehmer*innen bieten im Museum f\u00fcr Sepulkralkultur in Kassel die Gelegenheit, in ihr pers\u00f6nliches <em>Familienh\u00f6rbuch<\/em> reinzuh\u00f6ren.\u00a0<br><a rel=\"noreferrer noopener\" href=\"https:\/\/www.sepulkralmuseum.de\/ausstellungen\/sonderausstellungen\/memento\u2013im-kraftfeld-der-erinnerungen\" target=\"_blank\">https:\/\/www.sepulkralmuseum.de\/ausstellungen\/sonderausstellungen\/memento\u2013im-kraftfeld-der-erinnerungen<\/a><\/p>","protected":false},"excerpt":{"rendered":"<p>Vier Projektteilnehmer*innen bieten im Museum f\u00fcr Sepulkralkultur in Kassel die Gelegenheit, in ihr pers\u00f6nliches Familienh\u00f6rbuch reinzuh\u00f6ren.\u00a0https:\/\/www.sepulkralmuseum.de\/ausstellungen\/sonderausstellungen\/memento\u2013im-kraftfeld-der-erinnerungen<\/p>","protected":false},"author":3,"featured_media":6725,"comment_status":"closed","ping_status":"open","sticky":false,"template":"","format":"standard","meta":{"_acf_changed":false,"footnotes":""},"categories":[13,119],"tags":[],"class_list":["post-2609","post","type-post","status-publish","format-standard","has-post-thumbnail","hentry","category-archiv","category-sonstiges"],"acf":[],"_links":{"self":[{"href":"https:\/\/familienhoerbuch.de\/en\/wp-json\/wp\/v2\/posts\/2609","targetHints":{"allow":["GET"]}}],"collection":[{"href":"https:\/\/familienhoerbuch.de\/en\/wp-json\/wp\/v2\/posts"}],"about":[{"href":"https:\/\/familienhoerbuch.de\/en\/wp-json\/wp\/v2\/types\/post"}],"author":[{"embeddable":true,"href":"https:\/\/familienhoerbuch.de\/en\/wp-json\/wp\/v2\/users\/3"}],"replies":[{"embeddable":true,"href":"https:\/\/familienhoerbuch.de\/en\/wp-json\/wp\/v2\/comments?post=2609"}],"version-history":[{"count":1,"href":"https:\/\/familienhoerbuch.de\/en\/wp-json\/wp\/v2\/posts\/2609\/revisions"}],"predecessor-version":[{"id":15089,"href":"https:\/\/familienhoerbuch.de\/en\/wp-json\/wp\/v2\/posts\/2609\/revisions\/15089"}],"wp:featuredmedia":[{"embeddable":true,"href":"https:\/\/familienhoerbuch.de\/en\/wp-json\/wp\/v2\/media\/6725"}],"wp:attachment":[{"href":"https:\/\/familienhoerbuch.de\/en\/wp-json\/wp\/v2\/media?parent=2609"}],"wp:term":[{"taxonomy":"category","embeddable":true,"href":"https:\/\/familienhoerbuch.de\/en\/wp-json\/wp\/v2\/categories?post=2609"},{"taxonomy":"post_tag","embeddable":true,"href":"https:\/\/familienhoerbuch.de\/en\/wp-json\/wp\/v2\/tags?post=2609"}],"curies":[{"name":"wp","href":"https:\/\/api.w.org\/{rel}","templated":true}]}}