{"id":2604,"date":"2020-10-17T09:26:00","date_gmt":"2020-10-17T08:26:00","guid":{"rendered":"https:\/\/familienhoerbuch.philognosie.com\/?p=2604"},"modified":"2026-04-28T16:06:19","modified_gmt":"2026-04-28T14:06:19","slug":"in-memento","status":"publish","type":"post","link":"https:\/\/familienhoerbuch.de\/en\/in-memento\/","title":{"rendered":"IN MEMENTO"},"content":{"rendered":"<p>Museum f\u00fcr Sepukralkultur. Im Kraftfeld der Erinnerungen. Das Familienh\u00f6rbuch als Teil der Ausstellung im Essener Museum f\u00fcr Sepukralkultur. <a rel=\"noreferrer noopener\" href=\"https:\/\/www.sepulkralmuseum.de\/ausstellungen\/sonderausstellungen\/memento\u2013im-kraftfeld-der-erinnerungen\" target=\"_blank\">https:\/\/www.sepulkralmuseum.de\/ausstellungen\/sonderausstellungen\/memento\u2013im-kraftfeld-der-erinnerungen<\/a><\/p>","protected":false},"excerpt":{"rendered":"<p>Museum f\u00fcr Sepukralkultur. Im Kraftfeld der Erinnerungen. Das Familienh\u00f6rbuch als Teil der Ausstellung im Essener Museum f\u00fcr Sepukralkultur. https:\/\/www.sepulkralmuseum.de\/ausstellungen\/sonderausstellungen\/memento\u2013im-kraftfeld-der-erinnerungen<\/p>","protected":false},"author":3,"featured_media":6725,"comment_status":"closed","ping_status":"open","sticky":false,"template":"","format":"standard","meta":{"_acf_changed":false,"footnotes":""},"categories":[13,119],"tags":[],"class_list":["post-2604","post","type-post","status-publish","format-standard","has-post-thumbnail","hentry","category-archiv","category-sonstiges"],"acf":[],"_links":{"self":[{"href":"https:\/\/familienhoerbuch.de\/en\/wp-json\/wp\/v2\/posts\/2604","targetHints":{"allow":["GET"]}}],"collection":[{"href":"https:\/\/familienhoerbuch.de\/en\/wp-json\/wp\/v2\/posts"}],"about":[{"href":"https:\/\/familienhoerbuch.de\/en\/wp-json\/wp\/v2\/types\/post"}],"author":[{"embeddable":true,"href":"https:\/\/familienhoerbuch.de\/en\/wp-json\/wp\/v2\/users\/3"}],"replies":[{"embeddable":true,"href":"https:\/\/familienhoerbuch.de\/en\/wp-json\/wp\/v2\/comments?post=2604"}],"version-history":[{"count":1,"href":"https:\/\/familienhoerbuch.de\/en\/wp-json\/wp\/v2\/posts\/2604\/revisions"}],"predecessor-version":[{"id":15085,"href":"https:\/\/familienhoerbuch.de\/en\/wp-json\/wp\/v2\/posts\/2604\/revisions\/15085"}],"wp:featuredmedia":[{"embeddable":true,"href":"https:\/\/familienhoerbuch.de\/en\/wp-json\/wp\/v2\/media\/6725"}],"wp:attachment":[{"href":"https:\/\/familienhoerbuch.de\/en\/wp-json\/wp\/v2\/media?parent=2604"}],"wp:term":[{"taxonomy":"category","embeddable":true,"href":"https:\/\/familienhoerbuch.de\/en\/wp-json\/wp\/v2\/categories?post=2604"},{"taxonomy":"post_tag","embeddable":true,"href":"https:\/\/familienhoerbuch.de\/en\/wp-json\/wp\/v2\/tags?post=2604"}],"curies":[{"name":"wp","href":"https:\/\/api.w.org\/{rel}","templated":true}]}}