{"id":2548,"date":"2021-02-24T11:23:00","date_gmt":"2021-02-24T10:23:00","guid":{"rendered":"https:\/\/familienhoerbuch.philognosie.com\/?p=2548"},"modified":"2026-04-28T16:07:09","modified_gmt":"2026-04-28T14:07:09","slug":"swr2-tandem","status":"publish","type":"post","link":"https:\/\/familienhoerbuch.de\/en\/swr2-tandem\/","title":{"rendered":"&#8222;Die Stimme bleibt \u2013 Judith Gr\u00fcmmer macht Familienh\u00f6rb\u00fccher mit Sterbenden&#8220; SWR2 Tandem"},"content":{"rendered":"<p>24.02.2021, Bernd Lechler: Wenn ein Leben zu fr\u00fch zu Ende geht, ermutigt Judith Gr\u00fcmmer dazu, \u00fcber dieses Leben zu erz\u00e4hlen. Die\u00a0Journalistin und Audiobiographin bietet sterbenskranken jungen Eltern die M\u00f6glichkeit, ein H\u00f6rbuch \u00fcber das\u00a0eigene Leben aufzunehmen&#8230; <a rel=\"noreferrer noopener\" href=\"https:\/\/www.swr.de\/swr2\/leben-und-gesellschaft\/was-menschen-bewegt-swr2-tandem-2021-02-24-100.html\" target=\"_blank\">zum Beitrag<\/a><\/p>\n\n\n\n<p><\/p>","protected":false},"excerpt":{"rendered":"<p>24.02.2021, Bernd Lechler: Wenn ein Leben zu fr\u00fch zu Ende geht, ermutigt Judith Gr\u00fcmmer dazu, \u00fcber dieses Leben zu erz\u00e4hlen. Die\u00a0Journalistin und Audiobiographin bietet sterbenskranken jungen Eltern die M\u00f6glichkeit, ein H\u00f6rbuch \u00fcber das\u00a0eigene Leben aufzunehmen&#8230; zum Beitrag<\/p>","protected":false},"author":3,"featured_media":6689,"comment_status":"closed","ping_status":"open","sticky":false,"template":"","format":"standard","meta":{"_acf_changed":false,"footnotes":""},"categories":[13,110],"tags":[],"class_list":["post-2548","post","type-post","status-publish","format-standard","has-post-thumbnail","hentry","category-archiv","category-radio"],"acf":[],"_links":{"self":[{"href":"https:\/\/familienhoerbuch.de\/en\/wp-json\/wp\/v2\/posts\/2548","targetHints":{"allow":["GET"]}}],"collection":[{"href":"https:\/\/familienhoerbuch.de\/en\/wp-json\/wp\/v2\/posts"}],"about":[{"href":"https:\/\/familienhoerbuch.de\/en\/wp-json\/wp\/v2\/types\/post"}],"author":[{"embeddable":true,"href":"https:\/\/familienhoerbuch.de\/en\/wp-json\/wp\/v2\/users\/3"}],"replies":[{"embeddable":true,"href":"https:\/\/familienhoerbuch.de\/en\/wp-json\/wp\/v2\/comments?post=2548"}],"version-history":[{"count":1,"href":"https:\/\/familienhoerbuch.de\/en\/wp-json\/wp\/v2\/posts\/2548\/revisions"}],"predecessor-version":[{"id":15114,"href":"https:\/\/familienhoerbuch.de\/en\/wp-json\/wp\/v2\/posts\/2548\/revisions\/15114"}],"wp:featuredmedia":[{"embeddable":true,"href":"https:\/\/familienhoerbuch.de\/en\/wp-json\/wp\/v2\/media\/6689"}],"wp:attachment":[{"href":"https:\/\/familienhoerbuch.de\/en\/wp-json\/wp\/v2\/media?parent=2548"}],"wp:term":[{"taxonomy":"category","embeddable":true,"href":"https:\/\/familienhoerbuch.de\/en\/wp-json\/wp\/v2\/categories?post=2548"},{"taxonomy":"post_tag","embeddable":true,"href":"https:\/\/familienhoerbuch.de\/en\/wp-json\/wp\/v2\/tags?post=2548"}],"curies":[{"name":"wp","href":"https:\/\/api.w.org\/{rel}","templated":true}]}}