{"id":2545,"date":"2021-02-25T11:21:00","date_gmt":"2021-02-25T10:21:00","guid":{"rendered":"https:\/\/familienhoerbuch.philognosie.com\/?p=2545"},"modified":"2026-04-28T16:07:09","modified_gmt":"2026-04-28T14:07:09","slug":"muenchner-merkur","status":"publish","type":"post","link":"https:\/\/familienhoerbuch.de\/en\/muenchner-merkur\/","title":{"rendered":"&#8222;Ein Verm\u00e4chtnis f\u00fcr die Zeit nach dem Tod&#8220; M\u00fcnchner Merkur"},"content":{"rendered":"<p>09.02.2021, Laura Forster: Seit mehr als acht Jahren hat Antje Lipsdorf einen st\u00e4ndigen Begleiter: Brustkrebs. Sie wei\u00df nicht, wie lange sie noch lebt. Damit ihre zehnj\u00e4hrige Tochter Vroni sich auch sp\u00e4ter noch an ihre Mutter erinnern kann, hat Lipsdorf nun ein Familientagebuch f\u00fcr sie aufgenommen&#8230; <a rel=\"noreferrer noopener\" href=\"https:\/\/familienhoerbuch.de\/wp-content\/uploads\/2022\/04\/2021-02-09-Mu\u0308nchener-Merkur-Ein-Verma\u0308chtnis-fu\u0308r-die-Zeit-nach-dem-Tod.pdf\" target=\"_blank\">Weiterlesen<\/a><\/p>","protected":false},"excerpt":{"rendered":"<p>09.02.2021, Laura Forster: Seit mehr als acht Jahren hat Antje Lipsdorf einen st\u00e4ndigen Begleiter: Brustkrebs. Sie wei\u00df nicht, wie lange sie noch lebt. Damit ihre zehnj\u00e4hrige Tochter Vroni sich auch sp\u00e4ter noch an ihre Mutter erinnern kann, hat Lipsdorf nun ein Familientagebuch f\u00fcr sie aufgenommen&#8230; Weiterlesen<\/p>","protected":false},"author":3,"featured_media":6692,"comment_status":"closed","ping_status":"open","sticky":false,"template":"","format":"standard","meta":{"_acf_changed":false,"footnotes":""},"categories":[13,113],"tags":[],"class_list":["post-2545","post","type-post","status-publish","format-standard","has-post-thumbnail","hentry","category-archiv","category-print-digital"],"acf":[],"_links":{"self":[{"href":"https:\/\/familienhoerbuch.de\/en\/wp-json\/wp\/v2\/posts\/2545","targetHints":{"allow":["GET"]}}],"collection":[{"href":"https:\/\/familienhoerbuch.de\/en\/wp-json\/wp\/v2\/posts"}],"about":[{"href":"https:\/\/familienhoerbuch.de\/en\/wp-json\/wp\/v2\/types\/post"}],"author":[{"embeddable":true,"href":"https:\/\/familienhoerbuch.de\/en\/wp-json\/wp\/v2\/users\/3"}],"replies":[{"embeddable":true,"href":"https:\/\/familienhoerbuch.de\/en\/wp-json\/wp\/v2\/comments?post=2545"}],"version-history":[{"count":1,"href":"https:\/\/familienhoerbuch.de\/en\/wp-json\/wp\/v2\/posts\/2545\/revisions"}],"predecessor-version":[{"id":15113,"href":"https:\/\/familienhoerbuch.de\/en\/wp-json\/wp\/v2\/posts\/2545\/revisions\/15113"}],"wp:featuredmedia":[{"embeddable":true,"href":"https:\/\/familienhoerbuch.de\/en\/wp-json\/wp\/v2\/media\/6692"}],"wp:attachment":[{"href":"https:\/\/familienhoerbuch.de\/en\/wp-json\/wp\/v2\/media?parent=2545"}],"wp:term":[{"taxonomy":"category","embeddable":true,"href":"https:\/\/familienhoerbuch.de\/en\/wp-json\/wp\/v2\/categories?post=2545"},{"taxonomy":"post_tag","embeddable":true,"href":"https:\/\/familienhoerbuch.de\/en\/wp-json\/wp\/v2\/tags?post=2545"}],"curies":[{"name":"wp","href":"https:\/\/api.w.org\/{rel}","templated":true}]}}