{"id":2531,"date":"2021-11-03T10:42:20","date_gmt":"2021-11-03T09:42:20","guid":{"rendered":"https:\/\/familienhoerbuch.philognosie.com\/?p=2531"},"modified":"2026-04-28T16:07:53","modified_gmt":"2026-04-28T14:07:53","slug":"social-design-award","status":"publish","type":"post","link":"https:\/\/familienhoerbuch.de\/en\/social-design-award\/","title":{"rendered":"Social Design Award"},"content":{"rendered":"<p>Am Montag, 1.11.2021 war es soweit, die Preisverleihung des Social Design Awards 2021 in Hamburg. Zum achten Mal wurde der Preis von SPIEGEL WISSEN mit Unterst\u00fctzung des Fachmarkts Bauhaus ausgeschrieben, um gute Ideen f\u00fcr starke Familien zu suchen und zu finden. Fast ein Drittel aller Stimmen entfiel auf unser Familienh\u00f6rbuch, und wir haben damit den Publikumspreis gewonnen! Judith Gr\u00fcmmer hat zusammen mit Sabine Fiedler und Fanni Siepker den Preis entgegen genommen, und das gesamte Familienh\u00f6rbuch Team freut sich mit und gratuliert ganz herzlich! Foto KATRIN W\u00dcRTEMBERGER \/ DER SPIEGEL<\/p>\n\n\n\n<p><a href=\"https:\/\/www.spiegel.de\/stil\/social-design-award-2021-das-sind-die-gewinner-a-bad6f17d-9605-45fe-8550-aa5fe4e276b8\" target=\"_blank\" rel=\"noreferrer noopener\">https:\/\/www.spiegel.de\/stil\/social-design-award-2021-das-sind-die-gewinner-a-bad6f17d-9605-45fe-8550-aa5fe4e276b8<\/a><\/p>","protected":false},"excerpt":{"rendered":"<p>Am Montag, 1.11.2021 war es soweit, die Preisverleihung des Social Design Awards 2021 in Hamburg. Zum achten Mal wurde der Preis von SPIEGEL WISSEN mit Unterst\u00fctzung des Fachmarkts Bauhaus ausgeschrieben, um gute Ideen f\u00fcr starke Familien zu suchen und zu finden. Fast ein Drittel aller Stimmen entfiel auf unser Familienh\u00f6rbuch, und wir haben damit den [&hellip;]<\/p>","protected":false},"author":3,"featured_media":2532,"comment_status":"closed","ping_status":"open","sticky":false,"template":"","format":"standard","meta":{"_acf_changed":false,"footnotes":""},"categories":[13,207],"tags":[],"class_list":["post-2531","post","type-post","status-publish","format-standard","has-post-thumbnail","hentry","category-archiv","category-nominierungen-auszeichnungen"],"acf":[],"_links":{"self":[{"href":"https:\/\/familienhoerbuch.de\/en\/wp-json\/wp\/v2\/posts\/2531","targetHints":{"allow":["GET"]}}],"collection":[{"href":"https:\/\/familienhoerbuch.de\/en\/wp-json\/wp\/v2\/posts"}],"about":[{"href":"https:\/\/familienhoerbuch.de\/en\/wp-json\/wp\/v2\/types\/post"}],"author":[{"embeddable":true,"href":"https:\/\/familienhoerbuch.de\/en\/wp-json\/wp\/v2\/users\/3"}],"replies":[{"embeddable":true,"href":"https:\/\/familienhoerbuch.de\/en\/wp-json\/wp\/v2\/comments?post=2531"}],"version-history":[{"count":1,"href":"https:\/\/familienhoerbuch.de\/en\/wp-json\/wp\/v2\/posts\/2531\/revisions"}],"predecessor-version":[{"id":15138,"href":"https:\/\/familienhoerbuch.de\/en\/wp-json\/wp\/v2\/posts\/2531\/revisions\/15138"}],"wp:featuredmedia":[{"embeddable":true,"href":"https:\/\/familienhoerbuch.de\/en\/wp-json\/wp\/v2\/media\/2532"}],"wp:attachment":[{"href":"https:\/\/familienhoerbuch.de\/en\/wp-json\/wp\/v2\/media?parent=2531"}],"wp:term":[{"taxonomy":"category","embeddable":true,"href":"https:\/\/familienhoerbuch.de\/en\/wp-json\/wp\/v2\/categories?post=2531"},{"taxonomy":"post_tag","embeddable":true,"href":"https:\/\/familienhoerbuch.de\/en\/wp-json\/wp\/v2\/tags?post=2531"}],"curies":[{"name":"wp","href":"https:\/\/api.w.org\/{rel}","templated":true}]}}