{"id":2459,"date":"2021-05-12T17:23:00","date_gmt":"2021-05-12T16:23:00","guid":{"rendered":"https:\/\/familienhoerbuch.philognosie.com\/?p=2459"},"modified":"2026-04-28T16:07:09","modified_gmt":"2026-04-28T14:07:09","slug":"anja-und-theresa","status":"publish","type":"post","link":"https:\/\/familienhoerbuch.de\/en\/anja-und-theresa\/","title":{"rendered":"&#8222;Mitten im Leben &#8211; Reden wir \u00fcber den Tod!&#8220; SWR2"},"content":{"rendered":"<p>06.05.2021, Anja H\u00f6fer und Theresa H\u00fcbner: Anja und Theresa sprechen heute \u00fcber ein Thema, das so gar nicht in die sch\u00f6ne bunte Kinder(buch)welt zu passen scheint. Aber der Tod ist da, und er betrifft jeden. Ob der tote Vogel auf der Stra\u00dfe oder die Oma, die f\u00fcr immer gehen musste: Kinder haben viele Fragen zum Thema Tod&#8230; <a rel=\"noreferrer noopener\" href=\"https:\/\/www.swr.de\/swr2\/literatur\/mitten-im-leben-reden-wir-ueber-den-tod-100.html\" target=\"_blank\">zum Beitrag<\/a> <\/p>","protected":false},"excerpt":{"rendered":"<p>06.05.2021, Anja H\u00f6fer und Theresa H\u00fcbner: Anja und Theresa sprechen heute \u00fcber ein Thema, das so gar nicht in die sch\u00f6ne bunte Kinder(buch)welt zu passen scheint. Aber der Tod ist da, und er betrifft jeden. Ob der tote Vogel auf der Stra\u00dfe oder die Oma, die f\u00fcr immer gehen musste: Kinder haben viele Fragen zum [&hellip;]<\/p>","protected":false},"author":3,"featured_media":6714,"comment_status":"closed","ping_status":"closed","sticky":false,"template":"","format":"standard","meta":{"_acf_changed":false,"footnotes":""},"categories":[13,114],"tags":[],"class_list":["post-2459","post","type-post","status-publish","format-standard","has-post-thumbnail","hentry","category-archiv","category-podcast"],"acf":[],"_links":{"self":[{"href":"https:\/\/familienhoerbuch.de\/en\/wp-json\/wp\/v2\/posts\/2459","targetHints":{"allow":["GET"]}}],"collection":[{"href":"https:\/\/familienhoerbuch.de\/en\/wp-json\/wp\/v2\/posts"}],"about":[{"href":"https:\/\/familienhoerbuch.de\/en\/wp-json\/wp\/v2\/types\/post"}],"author":[{"embeddable":true,"href":"https:\/\/familienhoerbuch.de\/en\/wp-json\/wp\/v2\/users\/3"}],"replies":[{"embeddable":true,"href":"https:\/\/familienhoerbuch.de\/en\/wp-json\/wp\/v2\/comments?post=2459"}],"version-history":[{"count":1,"href":"https:\/\/familienhoerbuch.de\/en\/wp-json\/wp\/v2\/posts\/2459\/revisions"}],"predecessor-version":[{"id":15111,"href":"https:\/\/familienhoerbuch.de\/en\/wp-json\/wp\/v2\/posts\/2459\/revisions\/15111"}],"wp:featuredmedia":[{"embeddable":true,"href":"https:\/\/familienhoerbuch.de\/en\/wp-json\/wp\/v2\/media\/6714"}],"wp:attachment":[{"href":"https:\/\/familienhoerbuch.de\/en\/wp-json\/wp\/v2\/media?parent=2459"}],"wp:term":[{"taxonomy":"category","embeddable":true,"href":"https:\/\/familienhoerbuch.de\/en\/wp-json\/wp\/v2\/categories?post=2459"},{"taxonomy":"post_tag","embeddable":true,"href":"https:\/\/familienhoerbuch.de\/en\/wp-json\/wp\/v2\/tags?post=2459"}],"curies":[{"name":"wp","href":"https:\/\/api.w.org\/{rel}","templated":true}]}}