{"id":2450,"date":"2021-07-12T17:16:00","date_gmt":"2021-07-12T16:16:00","guid":{"rendered":"https:\/\/familienhoerbuch.philognosie.com\/?p=2450"},"modified":"2026-04-28T16:07:09","modified_gmt":"2026-04-28T14:07:09","slug":"unser-erstes-familienhoerbuch-online-event","status":"publish","type":"post","link":"https:\/\/familienhoerbuch.de\/en\/unser-erstes-familienhoerbuch-online-event\/","title":{"rendered":"Unser erstes Familienh\u00f6rbuch Online Event"},"content":{"rendered":"<p>Am 08.Juli 2021 fand unser erstes Event per Zoom statt. Die Moderatorin Conny Czymoch f\u00fchrte professionell durchs Programm und wir waren \u00fcberrascht von der gro\u00dfen Resonanz. Tina und Ramona sind selbst Teilnehmerinnen und konnten ein eigenes H\u00f6rbuch aufnehmen, sie schilderten sehr anschaulich wie es ihnen w\u00e4hrend der Aufnahmen ging, was dies mit einem macht und wie es ihnen heute mit dem fertigen H\u00f6rbuch geht. Teile davon haben sie sich selbst schon angeh\u00f6rt, aber es ist nicht leicht seine eigene Audiobiografie zu h\u00f6ren, die man den Angeh\u00f6rigen nach seinem Ableben hinterlassen wird. Oliver ist der Ehemann von Sandra, die bereits vor 7 Jahren das H\u00f6rbuch aufgenommen hat und auch verstorben ist. Er sagte: \u201eIch nehme mir das H\u00f6rbuch f\u00fcr gute und f\u00fcr schlechte Tage und h\u00f6re dann einzelne Kapitel, ich weine und lache, trauere. Heute nat\u00fcrlich anders als vor 7 Jahren als Sandra starb.\u201c Auch die gemeinsame Tochter, heute 16 Jahre alt, konnte so mit der Stimme ihrer Mutter aufwachsen und sie ein St\u00fcck bei sich haben. Mario, Sounddesigner, und Claudia, Audiobiografin, haben schon zahlreiche H\u00f6rb\u00fccher aufgenommen und vertont\/geschnitten und finden es sehr wichtig die Geschichte und die Stimme jedes Einzelnen in den Vordergrund zu stellen. Das ICH in dem geliebten Menschen herauszukehren. Schliesslich ist es die Geschichte eines wundervollen Lebens. Unser Fazit zum Event \u2013 wir werden es wieder tun. Es soll zwei Events pro Jahr geben, die auch mit gut recherchierten Inhalten und Themen gef\u00fcllt sind, nicht nur zum Thema Trauer und Tod, aber wir wollen den Tod von jungen Eltern auch ein wenig enttabuisieren. Wir haben Ausschnitte aus diesem Event zum Nachh\u00f6ren zusammengeschnitten\u2026\u2026\u2026<br><a rel=\"noreferrer noopener\" href=\"https:\/\/www.youtube.com\/watch?v=W1OZmKVL9bg\" target=\"_blank\">https:\/\/www.youtube.com\/watch?v=W1OZmKVL9bg<\/a><\/p>","protected":false},"excerpt":{"rendered":"<p>Am 08.Juli 2021 fand unser erstes Event per Zoom statt. Die Moderatorin Conny Czymoch f\u00fchrte professionell durchs Programm und wir waren \u00fcberrascht von der gro\u00dfen Resonanz. Tina und Ramona sind selbst Teilnehmerinnen und konnten ein eigenes H\u00f6rbuch aufnehmen, sie schilderten sehr anschaulich wie es ihnen w\u00e4hrend der Aufnahmen ging, was dies mit einem macht und [&hellip;]<\/p>","protected":false},"author":3,"featured_media":6692,"comment_status":"closed","ping_status":"closed","sticky":false,"template":"","format":"standard","meta":{"_acf_changed":false,"footnotes":""},"categories":[13,116],"tags":[],"class_list":["post-2450","post","type-post","status-publish","format-standard","has-post-thumbnail","hentry","category-archiv","category-veranstaltungen"],"acf":[],"_links":{"self":[{"href":"https:\/\/familienhoerbuch.de\/en\/wp-json\/wp\/v2\/posts\/2450","targetHints":{"allow":["GET"]}}],"collection":[{"href":"https:\/\/familienhoerbuch.de\/en\/wp-json\/wp\/v2\/posts"}],"about":[{"href":"https:\/\/familienhoerbuch.de\/en\/wp-json\/wp\/v2\/types\/post"}],"author":[{"embeddable":true,"href":"https:\/\/familienhoerbuch.de\/en\/wp-json\/wp\/v2\/users\/3"}],"replies":[{"embeddable":true,"href":"https:\/\/familienhoerbuch.de\/en\/wp-json\/wp\/v2\/comments?post=2450"}],"version-history":[{"count":1,"href":"https:\/\/familienhoerbuch.de\/en\/wp-json\/wp\/v2\/posts\/2450\/revisions"}],"predecessor-version":[{"id":15106,"href":"https:\/\/familienhoerbuch.de\/en\/wp-json\/wp\/v2\/posts\/2450\/revisions\/15106"}],"wp:featuredmedia":[{"embeddable":true,"href":"https:\/\/familienhoerbuch.de\/en\/wp-json\/wp\/v2\/media\/6692"}],"wp:attachment":[{"href":"https:\/\/familienhoerbuch.de\/en\/wp-json\/wp\/v2\/media?parent=2450"}],"wp:term":[{"taxonomy":"category","embeddable":true,"href":"https:\/\/familienhoerbuch.de\/en\/wp-json\/wp\/v2\/categories?post=2450"},{"taxonomy":"post_tag","embeddable":true,"href":"https:\/\/familienhoerbuch.de\/en\/wp-json\/wp\/v2\/tags?post=2450"}],"curies":[{"name":"wp","href":"https:\/\/api.w.org\/{rel}","templated":true}]}}