{"id":2438,"date":"2021-10-20T16:29:00","date_gmt":"2021-10-20T15:29:00","guid":{"rendered":"https:\/\/familienhoerbuch.philognosie.com\/?p=2438"},"modified":"2026-04-28T16:07:53","modified_gmt":"2026-04-28T14:07:53","slug":"foerderpreis-des-netzwerks-der-goldenen-bild-der-frau","status":"publish","type":"post","link":"https:\/\/familienhoerbuch.de\/en\/foerderpreis-des-netzwerks-der-goldenen-bild-der-frau\/","title":{"rendered":"F\u00f6rderpreis des Netzwerks der GOLDENEN BILD der FRAU"},"content":{"rendered":"<figure class=\"wp-block-image size-medium\"><img decoding=\"async\" src=\"https:\/\/familienhoerbuch.de\/wp-content\/uploads\/2021\/10\/Goldene_BdF_AF_342-200x300.jpg\" alt=\"\" class=\"wp-image-2107\"\/><figcaption>Foto: Andreas Friese\n<\/figcaption><\/figure>\n\n\n\n<p>Die Gr\u00fcnderin der Familienh\u00f6rbuch gGmbH wurde am 20. Oktober in Hamburg mit dem F\u00f6rderpreis des Netzwerks der GOLDENEN BILD der FRAU ausgezeichnet! Und das ist absolut verdient, wie das Team um Judith Gr\u00fcmmer findet! Herzlichen Gl\u00fcckwunsch, liebe Judith! Und ganz besonders haben wir uns gefreut, das Angelina Wastrauk, die ein eigenes H\u00f6rbuch aufgenommen hat, mit Judith auf der B\u00fchne stand und ihre Geschichte erz\u00e4hlte. Das Publikum w\u00fcrdigte das Projekt und Judith Gr\u00fcmmer mit Standing Ovations. Jetzt die Preisverleihung auf youtube anschauen <a rel=\"noreferrer noopener\" href=\"https:\/\/youtu.be\/hzK62MQb3BI?t=2973\" target=\"_blank\">https:\/\/youtu.be\/hzK62MQb3BI?t=2973<\/a><\/p>","protected":false},"excerpt":{"rendered":"<p>Die Gr\u00fcnderin der Familienh\u00f6rbuch gGmbH wurde am 20. Oktober in Hamburg mit dem F\u00f6rderpreis des Netzwerks der GOLDENEN BILD der FRAU ausgezeichnet! Und das ist absolut verdient, wie das Team um Judith Gr\u00fcmmer findet! Herzlichen Gl\u00fcckwunsch, liebe Judith! Und ganz besonders haben wir uns gefreut, das Angelina Wastrauk, die ein eigenes H\u00f6rbuch aufgenommen hat, mit [&hellip;]<\/p>","protected":false},"author":3,"featured_media":6720,"comment_status":"closed","ping_status":"closed","sticky":false,"template":"","format":"standard","meta":{"_acf_changed":false,"footnotes":""},"categories":[13,207],"tags":[],"class_list":["post-2438","post","type-post","status-publish","format-standard","has-post-thumbnail","hentry","category-archiv","category-nominierungen-auszeichnungen"],"acf":[],"_links":{"self":[{"href":"https:\/\/familienhoerbuch.de\/en\/wp-json\/wp\/v2\/posts\/2438","targetHints":{"allow":["GET"]}}],"collection":[{"href":"https:\/\/familienhoerbuch.de\/en\/wp-json\/wp\/v2\/posts"}],"about":[{"href":"https:\/\/familienhoerbuch.de\/en\/wp-json\/wp\/v2\/types\/post"}],"author":[{"embeddable":true,"href":"https:\/\/familienhoerbuch.de\/en\/wp-json\/wp\/v2\/users\/3"}],"replies":[{"embeddable":true,"href":"https:\/\/familienhoerbuch.de\/en\/wp-json\/wp\/v2\/comments?post=2438"}],"version-history":[{"count":1,"href":"https:\/\/familienhoerbuch.de\/en\/wp-json\/wp\/v2\/posts\/2438\/revisions"}],"predecessor-version":[{"id":15139,"href":"https:\/\/familienhoerbuch.de\/en\/wp-json\/wp\/v2\/posts\/2438\/revisions\/15139"}],"wp:featuredmedia":[{"embeddable":true,"href":"https:\/\/familienhoerbuch.de\/en\/wp-json\/wp\/v2\/media\/6720"}],"wp:attachment":[{"href":"https:\/\/familienhoerbuch.de\/en\/wp-json\/wp\/v2\/media?parent=2438"}],"wp:term":[{"taxonomy":"category","embeddable":true,"href":"https:\/\/familienhoerbuch.de\/en\/wp-json\/wp\/v2\/categories?post=2438"},{"taxonomy":"post_tag","embeddable":true,"href":"https:\/\/familienhoerbuch.de\/en\/wp-json\/wp\/v2\/tags?post=2438"}],"curies":[{"name":"wp","href":"https:\/\/api.w.org\/{rel}","templated":true}]}}