{"id":15020,"date":"2026-04-28T09:44:12","date_gmt":"2026-04-28T07:44:12","guid":{"rendered":"https:\/\/familienhoerbuch.de\/?p=15020"},"modified":"2026-04-28T16:41:24","modified_gmt":"2026-04-28T14:41:24","slug":"sat1-fruehstuecksfernsehen","status":"publish","type":"post","link":"https:\/\/familienhoerbuch.de\/en\/sat1-fruehstuecksfernsehen\/","title":{"rendered":"Sat.1 Fr\u00fchst\u00fccksfernsehen"},"content":{"rendered":"<p>Beim Familienh\u00f6rbuch ist nicht nur das Team aktiv in Sachen \u00d6ffentlichkeitarbeit. Auch Freunde, Verwandte und Partnerpersonen unserer Projektteilnehmenden stehen voll hinter dem Projekt und tragen es hinaus in die Welt. Am 26. April besuchte Dr. Ulrich Strauch das Fr\u00fchst\u00fccksfernseh-Team bei Sat.1 und erz\u00e4hlte in der sonnt\u00e4glichen Sendung von seiner Ehefrau, die mit einer palliativen Diagnose lebt und davon, welche Bedeutung die Familienh\u00f6rbuch-Aufnahmen f\u00fcr die ganze Familie haben. Zudem brachte er beeindruckende Bilder bez\u00fcglich seiner selbst initiierten Spendenaktion aus 2025 mit (mehr als 3.000 Kilometer mit dem Fahrrad), die ebenfalls f\u00fcr Sichbarkeit und zudem monet\u00e4re Unterst\u00fctzung f\u00fcr Folge-Familienh\u00f6rb\u00fccher gesorgt hat.<\/p>\n\n\n\n<p>Strauchs Teamkollege, Johanne<em>s<\/em> Tho\u00df aus Leipzig, begleitete ihn beim Transcontinental Race und sammelte f\u00fcr die Deutsche Duchenne Stiftung.<\/p>\n\n\n\n<p><a href=\"https:\/\/familienhoerbuch.de\/en\/ride-and-charity\/\">Mehr \u00fcber das Charity-Race<\/a><\/p>\n\n\n\n<p><\/p>","protected":false},"excerpt":{"rendered":"<p>Beim Familienh\u00f6rbuch ist nicht nur das Team aktiv in Sachen \u00d6ffentlichkeitarbeit. Auch Freunde, Verwandte und Partnerpersonen unserer Projektteilnehmenden stehen voll hinter dem Projekt und tragen es hinaus in die Welt. Am 26. April besuchte Dr. Ulrich Strauch das Fr\u00fchst\u00fccksfernseh-Team bei Sat.1 und erz\u00e4hlte in der sonnt\u00e4glichen Sendung von seiner Ehefrau, die mit einer palliativen Diagnose [&hellip;]<\/p>","protected":false},"author":3,"featured_media":15021,"comment_status":"closed","ping_status":"closed","sticky":false,"template":"","format":"standard","meta":{"_acf_changed":false,"footnotes":""},"categories":[12],"tags":[627,630,222,629,626,344,628],"class_list":["post-15020","post","type-post","status-publish","format-standard","has-post-thumbnail","hentry","category-news","tag-fruehstuecksfernsehen","tag-johannes-thoss","tag-palliativ","tag-sat-1","tag-sat1","tag-tv","tag-ulrich-strauch"],"acf":[],"_links":{"self":[{"href":"https:\/\/familienhoerbuch.de\/en\/wp-json\/wp\/v2\/posts\/15020","targetHints":{"allow":["GET"]}}],"collection":[{"href":"https:\/\/familienhoerbuch.de\/en\/wp-json\/wp\/v2\/posts"}],"about":[{"href":"https:\/\/familienhoerbuch.de\/en\/wp-json\/wp\/v2\/types\/post"}],"author":[{"embeddable":true,"href":"https:\/\/familienhoerbuch.de\/en\/wp-json\/wp\/v2\/users\/3"}],"replies":[{"embeddable":true,"href":"https:\/\/familienhoerbuch.de\/en\/wp-json\/wp\/v2\/comments?post=15020"}],"version-history":[{"count":6,"href":"https:\/\/familienhoerbuch.de\/en\/wp-json\/wp\/v2\/posts\/15020\/revisions"}],"predecessor-version":[{"id":15269,"href":"https:\/\/familienhoerbuch.de\/en\/wp-json\/wp\/v2\/posts\/15020\/revisions\/15269"}],"wp:featuredmedia":[{"embeddable":true,"href":"https:\/\/familienhoerbuch.de\/en\/wp-json\/wp\/v2\/media\/15021"}],"wp:attachment":[{"href":"https:\/\/familienhoerbuch.de\/en\/wp-json\/wp\/v2\/media?parent=15020"}],"wp:term":[{"taxonomy":"category","embeddable":true,"href":"https:\/\/familienhoerbuch.de\/en\/wp-json\/wp\/v2\/categories?post=15020"},{"taxonomy":"post_tag","embeddable":true,"href":"https:\/\/familienhoerbuch.de\/en\/wp-json\/wp\/v2\/tags?post=15020"}],"curies":[{"name":"wp","href":"https:\/\/api.w.org\/{rel}","templated":true}]}}