{"id":14997,"date":"2026-04-27T17:02:09","date_gmt":"2026-04-27T15:02:09","guid":{"rendered":"https:\/\/familienhoerbuch.de\/?p=14997"},"modified":"2026-04-27T17:02:42","modified_gmt":"2026-04-27T15:02:42","slug":"podcastfolge-unternehmermenschen","status":"publish","type":"post","link":"https:\/\/familienhoerbuch.de\/en\/podcastfolge-unternehmermenschen\/","title":{"rendered":"Podcast: UnternehmerMenschen"},"content":{"rendered":"<p>Host Daniel Jokisch (MittelstandsWerk) sprach k\u00fcrzlich mit Judith Gr\u00fcmmer, der Gr\u00fcnderin der Familienh\u00f6rbuch gGmbH. Im Gespr\u00e4ch geht es um Identit\u00e4t, um Verbindung und um die Frage, was Kinder wirklich brauchen, wenn ein Elternteil fr\u00fch gehen muss.<\/p>\n\n\n\n<p><a href=\"https:\/\/open.spotify.com\/episode\/51aivaOa396dpwytAoH8e8?si=890ad09dfc51422a\">Mehr erfahren<\/a><\/p>","protected":false},"excerpt":{"rendered":"<p>Host Daniel Jokisch (MittelstandsWerk) sprach k\u00fcrzlich mit Judith Gr\u00fcmmer, der Gr\u00fcnderin der Familienh\u00f6rbuch gGmbH. Im Gespr\u00e4ch geht es um Identit\u00e4t, um Verbindung und um die Frage, was Kinder wirklich brauchen, wenn ein Elternteil fr\u00fch gehen muss. Mehr erfahren<\/p>","protected":false},"author":3,"featured_media":14998,"comment_status":"closed","ping_status":"closed","sticky":false,"template":"","format":"standard","meta":{"_acf_changed":false,"footnotes":""},"categories":[12],"tags":[16,625,34,624],"class_list":["post-14997","post","type-post","status-publish","format-standard","has-post-thumbnail","hentry","category-news","tag-judith-gruemmer","tag-mittelstandswerk","tag-podcast","tag-podcastfolge"],"acf":[],"_links":{"self":[{"href":"https:\/\/familienhoerbuch.de\/en\/wp-json\/wp\/v2\/posts\/14997","targetHints":{"allow":["GET"]}}],"collection":[{"href":"https:\/\/familienhoerbuch.de\/en\/wp-json\/wp\/v2\/posts"}],"about":[{"href":"https:\/\/familienhoerbuch.de\/en\/wp-json\/wp\/v2\/types\/post"}],"author":[{"embeddable":true,"href":"https:\/\/familienhoerbuch.de\/en\/wp-json\/wp\/v2\/users\/3"}],"replies":[{"embeddable":true,"href":"https:\/\/familienhoerbuch.de\/en\/wp-json\/wp\/v2\/comments?post=14997"}],"version-history":[{"count":2,"href":"https:\/\/familienhoerbuch.de\/en\/wp-json\/wp\/v2\/posts\/14997\/revisions"}],"predecessor-version":[{"id":15011,"href":"https:\/\/familienhoerbuch.de\/en\/wp-json\/wp\/v2\/posts\/14997\/revisions\/15011"}],"wp:featuredmedia":[{"embeddable":true,"href":"https:\/\/familienhoerbuch.de\/en\/wp-json\/wp\/v2\/media\/14998"}],"wp:attachment":[{"href":"https:\/\/familienhoerbuch.de\/en\/wp-json\/wp\/v2\/media?parent=14997"}],"wp:term":[{"taxonomy":"category","embeddable":true,"href":"https:\/\/familienhoerbuch.de\/en\/wp-json\/wp\/v2\/categories?post=14997"},{"taxonomy":"post_tag","embeddable":true,"href":"https:\/\/familienhoerbuch.de\/en\/wp-json\/wp\/v2\/tags?post=14997"}],"curies":[{"name":"wp","href":"https:\/\/api.w.org\/{rel}","templated":true}]}}