{"id":14951,"date":"2026-04-22T13:28:22","date_gmt":"2026-04-22T11:28:22","guid":{"rendered":"https:\/\/familienhoerbuch.de\/?p=14951"},"modified":"2026-04-22T13:30:34","modified_gmt":"2026-04-22T11:30:34","slug":"talkrunde-reporterleben","status":"publish","type":"post","link":"https:\/\/familienhoerbuch.de\/en\/talkrunde-reporterleben\/","title":{"rendered":"Talkrunde #reporterleben"},"content":{"rendered":"<p>Frank \u00dcberall (Journalist) moderierte am Abend des 21. April einen munteren Talk im Kl\u00fcngelp\u00fctz-Theater in K\u00f6ln. Das Familienh\u00f6rbuch freute sich \u00fcber einen Platz in der Runde und wurde durch Audiobiografin Stefanie Martin vertreten, die bereits seit 2021 Lebensgeschichten gemeinsam mit den Projektteilnehmenden speichert. Eine weitere Interviewpartnerin war Jutta H\u00f6lscher, eine engagierte B\u00fcrgerfunkerin der ersten Stunde (ev. Radiowerkstatt, Studio Eck e.V.).\u00a0<\/p>\n\n\n\n<p>Das Familienh\u00f6rbuch durfte die Kl\u00fcngelp\u00fctz-Crew im Rahmen der Bessermacher-Preisverleihung kennenlernen und ist begeistert \u00fcber den Geist, der zwischen den Ausgezeichneten herrscht. Die Einladung, die im Rahmen der Geburtstagswoche (25 Jahre politisches Theater) ausgesprochen wurde, haben wir gerne angenommen.<\/p>\n\n\n\n<p><a href=\"https:\/\/kluengelpuetz.de\/kuenstler-team\">Mehr erfahren<\/a><\/p>","protected":false},"excerpt":{"rendered":"<p>Frank \u00dcberall (Journalist) moderierte am Abend des 21. April einen munteren Talk im Kl\u00fcngelp\u00fctz-Theater in K\u00f6ln. Das Familienh\u00f6rbuch freute sich \u00fcber einen Platz in der Runde und wurde durch Audiobiografin Stefanie Martin vertreten, die bereits seit 2021 Lebensgeschichten gemeinsam mit den Projektteilnehmenden speichert. Eine weitere Interviewpartnerin war Jutta H\u00f6lscher, eine engagierte B\u00fcrgerfunkerin der ersten Stunde [&hellip;]<\/p>","protected":false},"author":3,"featured_media":14952,"comment_status":"closed","ping_status":"closed","sticky":false,"template":"","format":"standard","meta":{"_acf_changed":false,"footnotes":""},"categories":[12],"tags":[618,619,17,617,616],"class_list":["post-14951","post","type-post","status-publish","format-standard","has-post-thumbnail","hentry","category-news","tag-frank-ueberall","tag-kluengelpuetz","tag-koeln","tag-stefain-martin","tag-theater"],"acf":[],"_links":{"self":[{"href":"https:\/\/familienhoerbuch.de\/en\/wp-json\/wp\/v2\/posts\/14951","targetHints":{"allow":["GET"]}}],"collection":[{"href":"https:\/\/familienhoerbuch.de\/en\/wp-json\/wp\/v2\/posts"}],"about":[{"href":"https:\/\/familienhoerbuch.de\/en\/wp-json\/wp\/v2\/types\/post"}],"author":[{"embeddable":true,"href":"https:\/\/familienhoerbuch.de\/en\/wp-json\/wp\/v2\/users\/3"}],"replies":[{"embeddable":true,"href":"https:\/\/familienhoerbuch.de\/en\/wp-json\/wp\/v2\/comments?post=14951"}],"version-history":[{"count":2,"href":"https:\/\/familienhoerbuch.de\/en\/wp-json\/wp\/v2\/posts\/14951\/revisions"}],"predecessor-version":[{"id":14954,"href":"https:\/\/familienhoerbuch.de\/en\/wp-json\/wp\/v2\/posts\/14951\/revisions\/14954"}],"wp:featuredmedia":[{"embeddable":true,"href":"https:\/\/familienhoerbuch.de\/en\/wp-json\/wp\/v2\/media\/14952"}],"wp:attachment":[{"href":"https:\/\/familienhoerbuch.de\/en\/wp-json\/wp\/v2\/media?parent=14951"}],"wp:term":[{"taxonomy":"category","embeddable":true,"href":"https:\/\/familienhoerbuch.de\/en\/wp-json\/wp\/v2\/categories?post=14951"},{"taxonomy":"post_tag","embeddable":true,"href":"https:\/\/familienhoerbuch.de\/en\/wp-json\/wp\/v2\/tags?post=14951"}],"curies":[{"name":"wp","href":"https:\/\/api.w.org\/{rel}","templated":true}]}}