{"id":14927,"date":"2026-04-21T09:11:55","date_gmt":"2026-04-21T07:11:55","guid":{"rendered":"https:\/\/familienhoerbuch.de\/?p=14927"},"modified":"2026-04-21T09:11:57","modified_gmt":"2026-04-21T07:11:57","slug":"hospizmesse-solingen","status":"publish","type":"post","link":"https:\/\/familienhoerbuch.de\/en\/hospizmesse-solingen\/","title":{"rendered":"Hospizmesse Solingen"},"content":{"rendered":"<p>Erstmalig fand in Solingen die LEBDENDLICH statt. Die Messe bot bewusst Raum f\u00fcr Themen wie Krankheit, Sterben, Trauer und Vorsorge. Organisiert wurde die Veranstaltung durch das Palliative Hospiz Solingen e.V.<\/p>\n\n\n\n<p>\u00dcber 700 Besucher waren am 17. April vor Ort in der alten Maschinenhalle. Mehr als zwanzig Aussteller, darunter das Familienh\u00f6rbuch, gaben Einblicke in ihr Tun. Vortr\u00e4ge, Podiumsdiskussionen und Mitmachaktionen ber\u00fchrten und luden alle Anwesenden zum Gespr\u00e4ch ein. <\/p>\n\n\n\n<p><\/p>","protected":false},"excerpt":{"rendered":"<p>Erstmalig fand in Solingen die LEBDENDLICH statt. Die Messe bot bewusst Raum f\u00fcr Themen wie Krankheit, Sterben, Trauer und Vorsorge. Organisiert wurde die Veranstaltung durch das Palliative Hospiz Solingen e.V. \u00dcber 700 Besucher waren am 17. April vor Ort in der alten Maschinenhalle. Mehr als zwanzig Aussteller, darunter das Familienh\u00f6rbuch, gaben Einblicke in ihr Tun. [&hellip;]<\/p>","protected":false},"author":3,"featured_media":14928,"comment_status":"closed","ping_status":"closed","sticky":false,"template":"","format":"standard","meta":{"_acf_changed":false,"footnotes":""},"categories":[12],"tags":[53,614,186,427],"class_list":["post-14927","post","type-post","status-publish","format-standard","has-post-thumbnail","hentry","category-news","tag-hospiz","tag-maschinenhalle","tag-messe","tag-solingen"],"acf":[],"_links":{"self":[{"href":"https:\/\/familienhoerbuch.de\/en\/wp-json\/wp\/v2\/posts\/14927","targetHints":{"allow":["GET"]}}],"collection":[{"href":"https:\/\/familienhoerbuch.de\/en\/wp-json\/wp\/v2\/posts"}],"about":[{"href":"https:\/\/familienhoerbuch.de\/en\/wp-json\/wp\/v2\/types\/post"}],"author":[{"embeddable":true,"href":"https:\/\/familienhoerbuch.de\/en\/wp-json\/wp\/v2\/users\/3"}],"replies":[{"embeddable":true,"href":"https:\/\/familienhoerbuch.de\/en\/wp-json\/wp\/v2\/comments?post=14927"}],"version-history":[{"count":1,"href":"https:\/\/familienhoerbuch.de\/en\/wp-json\/wp\/v2\/posts\/14927\/revisions"}],"predecessor-version":[{"id":14929,"href":"https:\/\/familienhoerbuch.de\/en\/wp-json\/wp\/v2\/posts\/14927\/revisions\/14929"}],"wp:featuredmedia":[{"embeddable":true,"href":"https:\/\/familienhoerbuch.de\/en\/wp-json\/wp\/v2\/media\/14928"}],"wp:attachment":[{"href":"https:\/\/familienhoerbuch.de\/en\/wp-json\/wp\/v2\/media?parent=14927"}],"wp:term":[{"taxonomy":"category","embeddable":true,"href":"https:\/\/familienhoerbuch.de\/en\/wp-json\/wp\/v2\/categories?post=14927"},{"taxonomy":"post_tag","embeddable":true,"href":"https:\/\/familienhoerbuch.de\/en\/wp-json\/wp\/v2\/tags?post=14927"}],"curies":[{"name":"wp","href":"https:\/\/api.w.org\/{rel}","templated":true}]}}