{"id":14924,"date":"2026-04-21T08:59:16","date_gmt":"2026-04-21T06:59:16","guid":{"rendered":"https:\/\/familienhoerbuch.de\/?p=14924"},"modified":"2026-04-28T09:46:03","modified_gmt":"2026-04-28T07:46:03","slug":"veranstaltungstipp-im-november","status":"publish","type":"post","link":"https:\/\/familienhoerbuch.de\/en\/veranstaltungstipp-im-november\/","title":{"rendered":"Veranstaltungstipp im November"},"content":{"rendered":"<p>Familienh\u00f6rbuch-Gr\u00fcnderin Judith Gr\u00fcmmer wird in Hannover beim FESTIVAL DER LEBENSGESCHICHTEN vor Ort sein. Sie wurde als Ehrengast und Pionierin von audiobiografischer Arbeit geladen und steht daf\u00fcr ein, dass jede Biografie erz\u00e4hlenswert ist. <br><br>Mehr erfahren: <a href=\"https:\/\/lebensgeschichten-festival.eu\/\">https:\/\/lebensgeschichten-festival.eu\/<\/a><\/p>\n\n\n\n<p><\/p>","protected":false},"excerpt":{"rendered":"<p>Familienh\u00f6rbuch-Gr\u00fcnderin Judith Gr\u00fcmmer wird in Hannover beim FESTIVAL DER LEBENSGESCHICHTEN vor Ort sein. Sie wurde als Ehrengast und Pionierin von audiobiografischer Arbeit geladen und steht daf\u00fcr ein, dass jede Biografie erz\u00e4hlenswert ist. Mehr erfahren: https:\/\/lebensgeschichten-festival.eu\/<\/p>","protected":false},"author":3,"featured_media":14925,"comment_status":"closed","ping_status":"closed","sticky":false,"template":"","format":"standard","meta":{"_acf_changed":false,"footnotes":""},"categories":[13,116],"tags":[257,612,609,610],"class_list":["post-14924","post","type-post","status-publish","format-standard","has-post-thumbnail","hentry","category-archiv","category-veranstaltungen","tag-audiobiografie","tag-biografie","tag-festival","tag-lebensgeschichten"],"acf":[],"_links":{"self":[{"href":"https:\/\/familienhoerbuch.de\/en\/wp-json\/wp\/v2\/posts\/14924","targetHints":{"allow":["GET"]}}],"collection":[{"href":"https:\/\/familienhoerbuch.de\/en\/wp-json\/wp\/v2\/posts"}],"about":[{"href":"https:\/\/familienhoerbuch.de\/en\/wp-json\/wp\/v2\/types\/post"}],"author":[{"embeddable":true,"href":"https:\/\/familienhoerbuch.de\/en\/wp-json\/wp\/v2\/users\/3"}],"replies":[{"embeddable":true,"href":"https:\/\/familienhoerbuch.de\/en\/wp-json\/wp\/v2\/comments?post=14924"}],"version-history":[{"count":1,"href":"https:\/\/familienhoerbuch.de\/en\/wp-json\/wp\/v2\/posts\/14924\/revisions"}],"predecessor-version":[{"id":14926,"href":"https:\/\/familienhoerbuch.de\/en\/wp-json\/wp\/v2\/posts\/14924\/revisions\/14926"}],"wp:featuredmedia":[{"embeddable":true,"href":"https:\/\/familienhoerbuch.de\/en\/wp-json\/wp\/v2\/media\/14925"}],"wp:attachment":[{"href":"https:\/\/familienhoerbuch.de\/en\/wp-json\/wp\/v2\/media?parent=14924"}],"wp:term":[{"taxonomy":"category","embeddable":true,"href":"https:\/\/familienhoerbuch.de\/en\/wp-json\/wp\/v2\/categories?post=14924"},{"taxonomy":"post_tag","embeddable":true,"href":"https:\/\/familienhoerbuch.de\/en\/wp-json\/wp\/v2\/tags?post=14924"}],"curies":[{"name":"wp","href":"https:\/\/api.w.org\/{rel}","templated":true}]}}